{"id":16020,"date":"2020-09-24T09:16:26","date_gmt":"2020-09-24T12:16:26","guid":{"rendered":"https:\/\/blogs.correiobraziliense.com.br\/vicente\/?p=16020"},"modified":"2020-09-24T11:20:51","modified_gmt":"2020-09-24T14:20:51","slug":"banco-central-piora-previsao-para-entrada-de-investimento-estrangeiro","status":"publish","type":"post","link":"https:\/\/blogs.correiobraziliense.com.br\/vicente\/banco-central-piora-previsao-para-entrada-de-investimento-estrangeiro\/","title":{"rendered":"Banco Central piora previs\u00e3o para entrada de investimento estrangeiro"},"content":{"rendered":"<p><span style=\"font-weight: 400\">ROSANA HESSEL<\/span><\/p>\n<p>&nbsp;<\/p>\n<p><span style=\"font-weight: 400\">Em meio \u00e0 forte queda nos investimentos estrangeiros no pa\u00eds fizeram o Banco Central reduzir novamente a previs\u00e3o para o fluxo do indicador de entrada de capital externo produtivo no pa\u00eds no Relat\u00f3rio Trimestral de Infla\u00e7\u00e3o (RTI) divulgado nesta quinta-feira (24\/09).\u00a0<\/span><\/p>\n<p>&nbsp;<\/p>\n<p><span style=\"font-weight: 400\">A nova proje\u00e7\u00e3o para a entrada de Investimento Direto no Pa\u00eds (IDP) passou de US$ 55 bilh\u00f5es, em junho, para US$ 50 bilh\u00f5es, em setembro.\u00a0 No documento, o BC tamb\u00e9m<a href=\"https:\/\/blogs.correiobraziliense.com.br\/vicente\/banco-central-revisa-de-64-para-5-previsao-de-queda-do-pib-de-2020\/\"> revisou a previs\u00e3o para o Produto Interno Bruto (PIB)<\/a> deste ano para uma queda de 5%. Para 2021, a estimativa do BC \u00e9 de crescimento de 3,9%, com o fluxo de IDP ficando em US$ 65,2 bilh\u00f5es.<\/span><\/p>\n<p>&nbsp;<\/p>\n<p><span style=\"font-weight: 400\">No primeiro RTI do ano, a estimativa do BC estava em US$ 60 bilh\u00f5es, abaixo dos US$ 78,6 bilh\u00f5es registrados em 2019. Em agosto, a entrada de IDP no pa\u00eds desabou 85,3%, para US$ 1,4 bilh\u00f5es, na compara\u00e7\u00e3o com o mesmo m\u00eas de 2019, refletindo o<a href=\"https:\/\/www.correiobraziliense.com.br\/economia\/2020\/09\/4877552-apesar-do-discurso-de-bolsonaro-capital-estrangeiro-esta-deixando-o-pais.html\"> aumento da desconfian\u00e7a<\/a> de investidores no pa\u00eds que mostrou uma sa\u00edda recorde de capital estrangeiro do pa\u00eds no ano, de US$ 15,2 bilh\u00f5es. No acumulado em 12 meses, a entrada de IDP somou US$ 54,5 bilh\u00f5es, o menor patamar desde agosto de 2010, quando o BC registrou o fluxo de US$ 50,8 bilh\u00f5es.<\/span><\/p>\n<p>&nbsp;<\/p>\n<p>Apesar da queda na previs\u00e3o do IDP, o volume ainda supera as estimativas para a necessidade de financiamento do pa\u00eds com o setor externo.\u00a0<span style=\"font-weight: 400\">De acordo com o BC, as novas proje\u00e7\u00f5es para o deficit em transa\u00e7\u00f5es correntes do pa\u00eds com o resto do mundo foi reduzida de US$ 13,9 bilh\u00f5es para US$ 10,2 bilh\u00f5es (0,7% do PIB). Em mar\u00e7o, o saldo negativo previsto estava em US$ 41 bilh\u00f5es. <\/span><\/p>\n<p>&nbsp;<\/p>\n<p><span style=\"font-weight: 400\">Essa melhora no resultado do balan\u00e7o de pagamentos reflete a recess\u00e3o global em que as trocas comerciais est\u00e3o caindo, mas, no caso do Brasil, as importa\u00e7\u00f5es desabam em ritmo mais acelerado do que as exporta\u00e7\u00f5es, ajudando a melhorar o superavit da balan\u00e7a comercial.\u00a0\u00a0<\/span><\/p>\n<p>&nbsp;<\/p>\n<p><span style=\"font-weight: 400\">\u201cO principal fator para a revis\u00e3o \u00e9 a melhora nos valores esperados para as exporta\u00e7\u00f5es, que apresentaram nos \u00faltimos meses resultado acima do anteriormente projetado. Projetam-se, assim, redu\u00e7\u00f5es de 11,1% nas exporta\u00e7\u00f5es e de 16,2% nas importa\u00e7\u00f5es em rela\u00e7\u00e3o a 2019, resultando em saldo da balan\u00e7a comercial de US$ 45,3 bilh\u00f5es e recuo de 13,4% na corrente de com\u00e9rcio\u201d, destacou o documento.\u00a0 A previs\u00e3o anterior para o superavit da balan\u00e7a comercial era de US$ 39 bilh\u00f5es.\u00a0<\/span><\/p>\n<p>&nbsp;<\/p>\n<p><span style=\"font-weight: 400\">O BC ainda projeta queda significativa do deficit da conta de servi\u00e7os em rela\u00e7\u00e3o ao fechamento de 2019, de 41,8%, para US$ 20,4 bilh\u00f5es. A previs\u00e3o de junho era de saldo negativo de US$ 21,5 bilh\u00f5es. \u201cA maior retra\u00e7\u00e3o deve vir da conta de viagens, com redu\u00e7\u00e3o de 74,3% nas despesas l\u00edquidas em compara\u00e7\u00e3o a 2019, refletindo as restri\u00e7\u00f5es a viagens geradas pelas medidas de conten\u00e7\u00e3o \u00e0 Covid-19. Do lado da renda prim\u00e1ria, espera-se recuo das despesas l\u00edquidas em 2020 em rela\u00e7\u00e3o ao ano anterior, atingindo deficit de US$ 37,4 bilh\u00f5es.\u00a0<\/span><\/p>\n<p>&nbsp;<\/p>\n","protected":false},"excerpt":{"rendered":"<p>ROSANA HESSEL &nbsp; Em meio \u00e0 forte queda nos investimentos estrangeiros no pa\u00eds fizeram o Banco Central reduzir novamente a previs\u00e3o para o fluxo do indicador de entrada de capital externo produtivo no pa\u00eds no Relat\u00f3rio Trimestral de Infla\u00e7\u00e3o (RTI) divulgado nesta quinta-feira (24\/09).\u00a0 &nbsp; A nova proje\u00e7\u00e3o para a entrada de Investimento Direto no [&hellip;]<\/p>\n","protected":false},"author":22,"featured_media":10722,"comment_status":"open","ping_status":"closed","sticky":false,"template":"","format":"standard","meta":{"footnotes":""},"categories":[600],"tags":[4967,3,4966,4965,472,4964],"class_list":["post-16020","post","type-post","status-publish","format-standard","has-post-thumbnail","hentry","category-economia","tag-balanco-de-pagamentos","tag-banco-central","tag-idp","tag-investimento-estrangeiro","tag-relatorio-de-inflacao","tag-setor-externo"],"_links":{"self":[{"href":"https:\/\/blogs.correiobraziliense.com.br\/vicente\/wp-json\/wp\/v2\/posts\/16020","targetHints":{"allow":["GET"]}}],"collection":[{"href":"https:\/\/blogs.correiobraziliense.com.br\/vicente\/wp-json\/wp\/v2\/posts"}],"about":[{"href":"https:\/\/blogs.correiobraziliense.com.br\/vicente\/wp-json\/wp\/v2\/types\/post"}],"author":[{"embeddable":true,"href":"https:\/\/blogs.correiobraziliense.com.br\/vicente\/wp-json\/wp\/v2\/users\/22"}],"replies":[{"embeddable":true,"href":"https:\/\/blogs.correiobraziliense.com.br\/vicente\/wp-json\/wp\/v2\/comments?post=16020"}],"version-history":[{"count":6,"href":"https:\/\/blogs.correiobraziliense.com.br\/vicente\/wp-json\/wp\/v2\/posts\/16020\/revisions"}],"predecessor-version":[{"id":16038,"href":"https:\/\/blogs.correiobraziliense.com.br\/vicente\/wp-json\/wp\/v2\/posts\/16020\/revisions\/16038"}],"wp:featuredmedia":[{"embeddable":true,"href":"https:\/\/blogs.correiobraziliense.com.br\/vicente\/wp-json\/wp\/v2\/media\/10722"}],"wp:attachment":[{"href":"https:\/\/blogs.correiobraziliense.com.br\/vicente\/wp-json\/wp\/v2\/media?parent=16020"}],"wp:term":[{"taxonomy":"category","embeddable":true,"href":"https:\/\/blogs.correiobraziliense.com.br\/vicente\/wp-json\/wp\/v2\/categories?post=16020"},{"taxonomy":"post_tag","embeddable":true,"href":"https:\/\/blogs.correiobraziliense.com.br\/vicente\/wp-json\/wp\/v2\/tags?post=16020"}],"curies":[{"name":"wp","href":"https:\/\/api.w.org\/{rel}","templated":true}]}}