{"id":16013,"date":"2020-09-24T08:34:57","date_gmt":"2020-09-24T11:34:57","guid":{"rendered":"https:\/\/blogs.correiobraziliense.com.br\/vicente\/?p=16013"},"modified":"2020-09-24T12:34:33","modified_gmt":"2020-09-24T15:34:33","slug":"banco-central-revisa-de-64-para-5-previsao-de-queda-do-pib-de-2020","status":"publish","type":"post","link":"https:\/\/blogs.correiobraziliense.com.br\/vicente\/banco-central-revisa-de-64-para-5-previsao-de-queda-do-pib-de-2020\/","title":{"rendered":"Banco Central revisa de 6,4% para 5% previs\u00e3o de queda do PIB de 2020"},"content":{"rendered":"<p>ROSANA HESSEL E\u00a0MARINA BARBOSA<\/p>\n<p>&nbsp;<\/p>\n<p><span style=\"font-weight: 400\">O Banco Central (BC) revisou a previs\u00e3o de retra\u00e7\u00e3o do Produto Interno Bruto (PIB) brasileiro de 6,4% para 5%, conforme Relat\u00f3rio Trimestral de Infla\u00e7\u00e3o (RTI) divulgado nesta quinta-feira (24\/09). Por outro lado, elevou a proje\u00e7\u00e3o para a infla\u00e7\u00e3o deste ano, devido \u00e0 recente escalada de pre\u00e7os dos alimentos.<\/span><\/p>\n<p>&nbsp;<\/p>\n<p><span style=\"font-weight: 400\">A nova perspectiva do BC para o PIB brasileiro est\u00e1 em linha com a mediana das estimativas do mercado, que prev\u00ea queda de 5,05%, mas \u00e9 um pouco menos otimista que a do Minist\u00e9rio da Economia, que mant\u00e9m a estimativa de recuo de 4,7% neste ano.\u00a0\u00a0<\/span><\/p>\n<p>&nbsp;<\/p>\n<p><span style=\"font-weight: 400\">O BC melhorou a proje\u00e7\u00e3o para o crescimento da economia brasileira neste ano explicando que, apesar do recuo hist\u00f3rico de 9,7% do PIB do segundo trimestre deste ano, as perspectivas s\u00e3o mais favor\u00e1veis para este terceiro trimestre. O otimismo vem em linha com os indicadores dom\u00e9sticos dispon\u00edveis, as informa\u00e7\u00f5es mais recentes sobre a pandemia e a evolu\u00e7\u00e3o esperada da economia internacional.<\/span><\/p>\n<p>&nbsp;<\/p>\n<p><span style=\"font-weight: 400\">\u201cNo contexto dom\u00e9stico, indicadores recentes da atividade econ\u00f4mica sugerem uma recupera\u00e7\u00e3o parcial, com padr\u00e3o similar \u00e0 que ocorre em outras economias, onde os setores mais diretamente afetados pelo distanciamento social permanecem deprimidos\u201d, explicou o BC. Para a autoridade monet\u00e1ria, essa retomada \u00e9 um reflexo das a\u00e7\u00f5es tomadas pelo governo brasileiro no enfrentamento \u00e0 crise da covid-19, em especial do aux\u00edlio emergencial, que ajudou a recompor a renda dos mais vulner\u00e1veis e a manter no consumo essencial na pandemia.\u00a0<\/span><\/p>\n<p>&nbsp;<\/p>\n<p><strong>Infla\u00e7\u00e3o<\/strong><\/p>\n<p>&nbsp;<\/p>\n<p><span style=\"font-weight: 400\">J\u00e1 para a infla\u00e7\u00e3o o Banco Central revisou as proje\u00e7\u00f5es para cima. A perspectiva para o \u00cdndice de Pre\u00e7os ao Consumidor Amplo (IPCA) de 2020 subiu de 1,9% ao ano, no relat\u00f3rio de junho, para 2,1% anuais, no relat\u00f3rio de setembro. Apresar da mudan\u00e7a, a nova proje\u00e7\u00e3o continua abaixo do piso da meta, de 2,5% ao ano. <\/span><\/p>\n<p>&nbsp;<\/p>\n<p><span style=\"font-weight: 400\">A meta de infla\u00e7\u00e3o para este ano determinada pelo Conselho Monet\u00e1rio Nacional \u00e9 de alta 4% no acumulado em 12 meses. A nova proje\u00e7\u00e3o do BC para o indicador de pre\u00e7os est\u00e1 levemente acima da mediana das estimativa do boletim Focus desta semana, de 1,99%.\u00a0<\/span><\/p>\n<p>&nbsp;<\/p>\n<p><span style=\"font-weight: 400\">O BC explicou que \u201cno curto prazo, a infla\u00e7\u00e3o ao consumidor deve se elevar, influenciada pelos movimentos recentes de alta tempor\u00e1ria nos pre\u00e7os dos alimentos e pela normaliza\u00e7\u00e3o parcial do pre\u00e7o de alguns servi\u00e7os em um contexto de recupera\u00e7\u00e3o dos \u00edndices de mobilidade e do n\u00edvel de atividade\u201d.<\/span><\/p>\n<p>&nbsp;<\/p>\n<p><span style=\"font-weight: 400\">Para 2021, a perspectiva \u00e9 de uma infla\u00e7\u00e3o de 3% e a previs\u00e3o de crescimento do PIB \u00e9 de 3,9%, acima da mediana das estimativas do mercado, de 3,5%. O BC ainda est\u00e1 mais otimista que o Minist\u00e9rio da Economia em rela\u00e7\u00e3o \u00e0 retomada no ano que vem, pois o \u00f3rg\u00e3o chefiado pelo ministro Paulo Guedes espera avan\u00e7o menor no PIB, de 3,2%.<\/span><\/p>\n<p>&nbsp;<\/p>\n<p>No relat\u00f3rio, o BC admitiu que \u201ca incerteza sobre o ritmo de crescimento da economia permanece acima da usual, sobretudo, para o per\u00edodo a partir do fim deste ano, concomitantemente ao esperado arrefecimento dos efeitos dos aux\u00edlios emergenciais\u201d. Por isso, lembrou que, na avalia\u00e7\u00e3o do Comit\u00ea de Pol\u00edtica Monet\u00e1ria (Copom), \u201cperseverar no processo de reformas e ajustes necess\u00e1rios na economia brasileira \u00e9 essencial para permitir a recupera\u00e7\u00e3o sustent\u00e1vel da economia\u201d.<\/p>\n<p>&nbsp;<\/p>\n<p>O RTI tamb\u00e9m refor\u00e7ou o recado da \u00faltima ata do Copom de que a taxa b\u00e1sica de juros deve ser mantida no atual patamar de 2% ao ano por um tempo. Afinal, embora &#8220;a conjuntura econ\u00f4mica continua a prescrever est\u00edmulo monet\u00e1rio extraordinariamente elevado&#8221;, &#8220;o espa\u00e7o remanescente para utiliza\u00e7\u00e3o da pol\u00edtica monet\u00e1ria, se houver, deve ser pequeno&#8221; devido a quest\u00f5es prudenciais e de estabilidade financeira. &#8220;Eventuais ajustes futuros no atual grau de est\u00edmulo ocorreriam com gradualismo adicional e depender\u00e3o da percep\u00e7\u00e3o sobre a trajet\u00f3ria fiscal, assim como de novas informa\u00e7\u00f5es que alterem a atual avalia\u00e7\u00e3o do Copom sobre a infla\u00e7\u00e3o prospectiva\u201d, frisou.<\/p>\n<p>&nbsp;<\/p>\n<p>De acordo com o documento, o BC destacou que v\u00ea ado\u00e7\u00e3o de trajet\u00f3ria de c\u00e2mbio variando segundo a teoria da paridade do poder de compra, em substitui\u00e7\u00e3o\u00a0ao cen\u00e1rio de c\u00e2mbio constante, constitui-se um aprimoramento no processo de elabora\u00e7\u00e3o das proje\u00e7\u00f5es de\u00a0infla\u00e7\u00e3o do BCB. &#8220;O novo procedimento traz maior consist\u00eancia entre os condicionantes utilizados, aumenta\u00a0a coer\u00eancia entre as proje\u00e7\u00f5es e as condi\u00e7\u00f5es te\u00f3ricas de longo prazo empregadas na modelagem e evita\u00a0uma potencial subestima\u00e7\u00e3o das proje\u00e7\u00f5es de infla\u00e7\u00e3o para horizontes mais longos&#8221;.<\/p>\n<p>&nbsp;<\/p>\n<p>O detalhamento do relat\u00f3rio ser\u00e1 feito pelo presidente do Banco Central, Roberto Campos Neto, mais tarde, durante apresenta\u00e7\u00e3o \u00e0 imprensa.<\/p>\n<p>&nbsp;<\/p>\n<p>&nbsp;<\/p>\n<p>&nbsp;<\/p>\n<p>&nbsp;<\/p>\n","protected":false},"excerpt":{"rendered":"<p>ROSANA HESSEL E\u00a0MARINA BARBOSA &nbsp; O Banco Central (BC) revisou a previs\u00e3o de retra\u00e7\u00e3o do Produto Interno Bruto (PIB) brasileiro de 6,4% para 5%, conforme Relat\u00f3rio Trimestral de Infla\u00e7\u00e3o (RTI) divulgado nesta quinta-feira (24\/09). Por outro lado, elevou a proje\u00e7\u00e3o para a infla\u00e7\u00e3o deste ano, devido \u00e0 recente escalada de pre\u00e7os dos alimentos. &nbsp; A [&hellip;]<\/p>\n","protected":false},"author":22,"featured_media":11505,"comment_status":"open","ping_status":"closed","sticky":false,"template":"","format":"standard","meta":{"footnotes":""},"categories":[600],"tags":[3,58,472,2117],"class_list":["post-16013","post","type-post","status-publish","format-standard","has-post-thumbnail","hentry","category-economia","tag-banco-central","tag-pib","tag-relatorio-de-inflacao","tag-rti"],"_links":{"self":[{"href":"https:\/\/blogs.correiobraziliense.com.br\/vicente\/wp-json\/wp\/v2\/posts\/16013","targetHints":{"allow":["GET"]}}],"collection":[{"href":"https:\/\/blogs.correiobraziliense.com.br\/vicente\/wp-json\/wp\/v2\/posts"}],"about":[{"href":"https:\/\/blogs.correiobraziliense.com.br\/vicente\/wp-json\/wp\/v2\/types\/post"}],"author":[{"embeddable":true,"href":"https:\/\/blogs.correiobraziliense.com.br\/vicente\/wp-json\/wp\/v2\/users\/22"}],"replies":[{"embeddable":true,"href":"https:\/\/blogs.correiobraziliense.com.br\/vicente\/wp-json\/wp\/v2\/comments?post=16013"}],"version-history":[{"count":9,"href":"https:\/\/blogs.correiobraziliense.com.br\/vicente\/wp-json\/wp\/v2\/posts\/16013\/revisions"}],"predecessor-version":[{"id":16040,"href":"https:\/\/blogs.correiobraziliense.com.br\/vicente\/wp-json\/wp\/v2\/posts\/16013\/revisions\/16040"}],"wp:featuredmedia":[{"embeddable":true,"href":"https:\/\/blogs.correiobraziliense.com.br\/vicente\/wp-json\/wp\/v2\/media\/11505"}],"wp:attachment":[{"href":"https:\/\/blogs.correiobraziliense.com.br\/vicente\/wp-json\/wp\/v2\/media?parent=16013"}],"wp:term":[{"taxonomy":"category","embeddable":true,"href":"https:\/\/blogs.correiobraziliense.com.br\/vicente\/wp-json\/wp\/v2\/categories?post=16013"},{"taxonomy":"post_tag","embeddable":true,"href":"https:\/\/blogs.correiobraziliense.com.br\/vicente\/wp-json\/wp\/v2\/tags?post=16013"}],"curies":[{"name":"wp","href":"https:\/\/api.w.org\/{rel}","templated":true}]}}