{"id":16009,"date":"2020-09-23T18:21:39","date_gmt":"2020-09-23T21:21:39","guid":{"rendered":"https:\/\/blogs.correiobraziliense.com.br\/vicente\/?p=16009"},"modified":"2020-09-23T18:59:43","modified_gmt":"2020-09-23T21:59:43","slug":"perto-de-andre-brandao-rubem-novaes-ficou-um-nanico-a-frente-do-bb","status":"publish","type":"post","link":"https:\/\/blogs.correiobraziliense.com.br\/vicente\/perto-de-andre-brandao-rubem-novaes-ficou-um-nanico-a-frente-do-bb\/","title":{"rendered":"Perto de Andr\u00e9 Brand\u00e3o, Rubem Novaes ficou um nanico \u00e0 frente do BB"},"content":{"rendered":"<h2>Compara\u00e7\u00f5es s\u00e3o inevit\u00e1veis. E os funcion\u00e1rios do Banco do Brasil n\u00e3o est\u00e3o fazendo por menos. J\u00e1 no primeiro dia de Andr\u00e9 Brand\u00e3o na presid\u00eancia da institui\u00e7\u00e3o, a percep\u00e7\u00e3o foi clara: Rubem Novaes, que deixou o comando do BB nesta semana, transformou-se em um nanico.<\/h2>\n<p>&nbsp;<\/p>\n<p>Para os funcion\u00e1rios do Banco do Brasil, a primeira grande diferen\u00e7a entre Brand\u00e3o e Novaes \u00e9 a humildade. No <a href=\"https:\/\/blogs.correiobraziliense.com.br\/vicente\/em-reuniao-com-diretores-do-bb-brandao-cobra-projetos-concretos-acabou-o-migue\/\">primeiro dia de trabalho<\/a>, o novo presidente do BB abriu espa\u00e7o na agenda para visitar uma ag\u00eancia de varejo, para ver como \u00e9 o atendimento ao p\u00fablico. Novaes tinha horror a isso.<\/p>\n<p>&nbsp;<\/p>\n<p>Brand\u00e3o foi caminhando da sede do Banco do Brasil at\u00e9 uma ag\u00eancia pr\u00f3xima para conversar com os funcion\u00e1rios. Tamb\u00e9m interagiu com os empregados da institui\u00e7\u00e3o, agradecendo as boas-vindas por meio de coment\u00e1rios feitos na ag\u00eancia de not\u00edcias interna.<\/p>\n<p>&nbsp;<\/p>\n<p><strong>Novaes falava muito mal de Bras\u00edlia<\/strong><\/p>\n<p>&nbsp;<\/p>\n<p>Rubem Novaes n\u00e3o prezava por essa proximidade. Na verdade, <a href=\"https:\/\/blogs.correiobraziliense.com.br\/vicente\/rubem-novaes-irritou-funcionarios-do-bb-ao-demonstrar-ojeriza-por-brasilia-e-insinuar-que-todos-na-cidade-sao-corruptos\/\">sempre que se aproximava de funcion\u00e1rios era para falar mal de Bras\u00edlia<\/a>, cidade que, na vis\u00e3o dele, s\u00f3 abriga corruptos. Isso incomodava muito os subordinados.<\/p>\n<p>&nbsp;<\/p>\n<p>As compara\u00e7\u00f5es entre Brand\u00e3o e Novaes foi vis\u00edvel em\u00a0todos os n\u00edveis da empresa. E houve quem afirmasse, de forma enf\u00e1tica, que Novaes foi um dos piores presidentes que o Banco do Brasil j\u00e1 teve. Por isso, a sensa\u00e7\u00e3o de al\u00edvio.<\/p>\n<p>&nbsp;<\/p>\n<p>Segundo os funcion\u00e1rios, em vez de se focar na gest\u00e3o do banco, <a href=\"https:\/\/blogs.correiobraziliense.com.br\/vicente\/rubem-novaes-nao-vai-sossegar-enquanto-nao-privatizar-o-banco-do-brasil\/\">Novaes s\u00f3 se preocupava em criar pol\u00eamicas, como a privatiza\u00e7\u00e3o do banco<\/a>, al\u00e9m de ser extremamente ideol\u00f3gico. O pr\u00f3prio ministro da Economia, Paulo Guedes, quando convidou Brand\u00e3o para assumir a presid\u00eancia do Banco do Brasil, disse que precisava de um gestor, de um executivo.<\/p>\n<p>&nbsp;<\/p>\n<p><em>Bras\u00edlia, 18h21min<\/em><\/p>\n","protected":false},"excerpt":{"rendered":"<p>Compara\u00e7\u00f5es s\u00e3o inevit\u00e1veis. E os funcion\u00e1rios do Banco do Brasil n\u00e3o est\u00e3o fazendo por menos. J\u00e1 no primeiro dia de Andr\u00e9 Brand\u00e3o na presid\u00eancia da institui\u00e7\u00e3o, a percep\u00e7\u00e3o foi clara: Rubem Novaes, que deixou o comando do BB nesta semana, transformou-se em um nanico. &nbsp; Para os funcion\u00e1rios do Banco do Brasil, a primeira grande [&hellip;]<\/p>\n","protected":false},"author":22,"featured_media":11457,"comment_status":"open","ping_status":"closed","sticky":false,"template":"","format":"standard","meta":{"footnotes":""},"categories":[600],"tags":[926,4963,589,4943,2787],"class_list":["post-16009","post","type-post","status-publish","format-standard","has-post-thumbnail","hentry","category-economia","tag-brasilia","tag-diferencas-entre-andre-brandao-e-rubem-novaes","tag-economia","tag-financas","tag-politica"],"_links":{"self":[{"href":"https:\/\/blogs.correiobraziliense.com.br\/vicente\/wp-json\/wp\/v2\/posts\/16009","targetHints":{"allow":["GET"]}}],"collection":[{"href":"https:\/\/blogs.correiobraziliense.com.br\/vicente\/wp-json\/wp\/v2\/posts"}],"about":[{"href":"https:\/\/blogs.correiobraziliense.com.br\/vicente\/wp-json\/wp\/v2\/types\/post"}],"author":[{"embeddable":true,"href":"https:\/\/blogs.correiobraziliense.com.br\/vicente\/wp-json\/wp\/v2\/users\/22"}],"replies":[{"embeddable":true,"href":"https:\/\/blogs.correiobraziliense.com.br\/vicente\/wp-json\/wp\/v2\/comments?post=16009"}],"version-history":[{"count":1,"href":"https:\/\/blogs.correiobraziliense.com.br\/vicente\/wp-json\/wp\/v2\/posts\/16009\/revisions"}],"predecessor-version":[{"id":16010,"href":"https:\/\/blogs.correiobraziliense.com.br\/vicente\/wp-json\/wp\/v2\/posts\/16009\/revisions\/16010"}],"wp:featuredmedia":[{"embeddable":true,"href":"https:\/\/blogs.correiobraziliense.com.br\/vicente\/wp-json\/wp\/v2\/media\/11457"}],"wp:attachment":[{"href":"https:\/\/blogs.correiobraziliense.com.br\/vicente\/wp-json\/wp\/v2\/media?parent=16009"}],"wp:term":[{"taxonomy":"category","embeddable":true,"href":"https:\/\/blogs.correiobraziliense.com.br\/vicente\/wp-json\/wp\/v2\/categories?post=16009"},{"taxonomy":"post_tag","embeddable":true,"href":"https:\/\/blogs.correiobraziliense.com.br\/vicente\/wp-json\/wp\/v2\/tags?post=16009"}],"curies":[{"name":"wp","href":"https:\/\/api.w.org\/{rel}","templated":true}]}}