{"id":16007,"date":"2020-09-23T17:09:35","date_gmt":"2020-09-23T20:09:35","guid":{"rendered":"https:\/\/blogs.correiobraziliense.com.br\/vicente\/?p=16007"},"modified":"2020-09-24T15:30:04","modified_gmt":"2020-09-24T18:30:04","slug":"natal-sera-de-precos-em-alta-e-mais-desemprego-preve-economista","status":"publish","type":"post","link":"https:\/\/blogs.correiobraziliense.com.br\/vicente\/natal-sera-de-precos-em-alta-e-mais-desemprego-preve-economista\/","title":{"rendered":"Natal ser\u00e1 de pre\u00e7os em alta e mais desemprego, prev\u00ea economista"},"content":{"rendered":"<h2>O presidente Jair Bolsonaro pode ligar o sinal de alerta. Pelo que projetam os especialistas, al\u00e9m de a economia continuar andando a passos lentos, o pa\u00eds ter\u00e1 um Natal de pre\u00e7os em alta e de mais desemprego. Uma combina\u00e7\u00e3o explosiva para quem s\u00f3 pensa na reelei\u00e7\u00e3o.<\/h2>\n<p>&nbsp;<\/p>\n<p>Segundo o economista-chefe da Confedera\u00e7\u00e3o Nacional do Com\u00e9rcio (CNC), Carlos Thadeu de Freitas Gomes, os pre\u00e7os dos alimentos continuar\u00e3o subindo. E todos os produtos tradicionais do Natal, que, na maioria, s\u00e3o importados, incorporar\u00e3o a disparada do d\u00f3lar. &#8220;N\u00e3o ser\u00e1 f\u00e1cil&#8221;, afirma.<\/p>\n<p>&nbsp;<\/p>\n<p>Pelos c\u00e1lculos de Freitas Gomes, em meio \u00e0 onda de reajustes de pre\u00e7os \u2014 a infla\u00e7\u00e3o dos \u00faltimos tr\u00eas meses do ano ser\u00e1 maior do que o projetado inicialmente \u2014, mais brasileiros voltar\u00e3o a procurar emprego. Como n\u00e3o haver\u00e1 vagas para a grande maioria, o desemprego continuar\u00e1 subindo, superando os 15% (est\u00e1 em 14,3%).<\/p>\n<p>&nbsp;<\/p>\n<p>No caso da infla\u00e7\u00e3o, acrescenta o economista da CNC, os pre\u00e7os tender\u00e3o a dar uma acomodada, mas n\u00e3o v\u00e3o cair. Em rela\u00e7\u00e3o ao desemprego, diz ele, a situa\u00e7\u00e3o ser\u00e1 mais dram\u00e1tica, pois a escassez de vagas vai aumentar. No m\u00ednimo, a economia levar\u00e1 oito trimestres para retornar aos n\u00edveis pr\u00e9-pandemia.<\/p>\n<p>&nbsp;<\/p>\n<p>&#8220;Historicamente, no Brasil, os Natais mais abundantes sempre foram aqueles com d\u00f3lar barato e sem a preocupa\u00e7\u00e3o de procurar emprego&#8221;, afirma Freitas Gomes. \u00c9 um quadro exatamente diferente do que o que estamos vendo agora. Faltam empregos e o d\u00f3lar caminha para R$ 6.<\/p>\n<p>&nbsp;<\/p>\n<p><strong>Cr\u00e9dito ficando mais caro<\/strong><\/p>\n<p>&nbsp;<\/p>\n<p>H\u00e1 outro agravante no horizonte: o encarecimento do cr\u00e9dito. Apesar de o Banco Central ter mantido a taxa b\u00e1sica de juros (Selic) em 2% ao ano, o n\u00edvel mais baixo da hist\u00f3ria, os juros futuros, que servem de par\u00e2metro para a forma\u00e7\u00e3o do custo do dinheiro, est\u00e3o em disparada.<\/p>\n<p>&nbsp;<\/p>\n<p>E o motivo, afirma o chefe do Departamento Econ\u00f4mico da CNC, \u00e9 o pr\u00f3prio Banco Central, que errou na comunica\u00e7\u00e3o com o mercado. Em vez de alertar que os juros devem subir por causa da infla\u00e7\u00e3o e do rombo nas contas p\u00fablicas, a autoridade monet\u00e1ria indicou que a Selic pode cair.<\/p>\n<p>&nbsp;<\/p>\n<p>Isso criou um desconfian\u00e7a enorme entre os agentes econ\u00f4micos, tanto que est\u00e1 havendo uma corrida em busca de prote\u00e7\u00e3o no d\u00f3lar e a Bolsa de Valores est\u00e1 desabando. O resultado disso \u00e9 que os poupadores est\u00e3o vendo as economias derreterem e quem precisa de empr\u00e9stimo vem pagando mais caro.<\/p>\n<p>&nbsp;<\/p>\n<p><em>Bras\u00edlia, 17h09min<\/em><\/p>\n","protected":false},"excerpt":{"rendered":"<p>O presidente Jair Bolsonaro pode ligar o sinal de alerta. Pelo que projetam os especialistas, al\u00e9m de a economia continuar andando a passos lentos, o pa\u00eds ter\u00e1 um Natal de pre\u00e7os em alta e de mais desemprego. Uma combina\u00e7\u00e3o explosiva para quem s\u00f3 pensa na reelei\u00e7\u00e3o. &nbsp; Segundo o economista-chefe da Confedera\u00e7\u00e3o Nacional do Com\u00e9rcio [&hellip;]<\/p>\n","protected":false},"author":22,"featured_media":13023,"comment_status":"open","ping_status":"closed","sticky":false,"template":"","format":"standard","meta":{"footnotes":""},"categories":[600],"tags":[2554,589,4943,4962,2787],"class_list":["post-16007","post","type-post","status-publish","format-standard","has-post-thumbnail","hentry","category-economia","tag-bolsonaro","tag-economia","tag-financas","tag-natal-sera-se-inflacao-em-alta-e-mais-desemprego","tag-politica"],"_links":{"self":[{"href":"https:\/\/blogs.correiobraziliense.com.br\/vicente\/wp-json\/wp\/v2\/posts\/16007","targetHints":{"allow":["GET"]}}],"collection":[{"href":"https:\/\/blogs.correiobraziliense.com.br\/vicente\/wp-json\/wp\/v2\/posts"}],"about":[{"href":"https:\/\/blogs.correiobraziliense.com.br\/vicente\/wp-json\/wp\/v2\/types\/post"}],"author":[{"embeddable":true,"href":"https:\/\/blogs.correiobraziliense.com.br\/vicente\/wp-json\/wp\/v2\/users\/22"}],"replies":[{"embeddable":true,"href":"https:\/\/blogs.correiobraziliense.com.br\/vicente\/wp-json\/wp\/v2\/comments?post=16007"}],"version-history":[{"count":2,"href":"https:\/\/blogs.correiobraziliense.com.br\/vicente\/wp-json\/wp\/v2\/posts\/16007\/revisions"}],"predecessor-version":[{"id":16041,"href":"https:\/\/blogs.correiobraziliense.com.br\/vicente\/wp-json\/wp\/v2\/posts\/16007\/revisions\/16041"}],"wp:featuredmedia":[{"embeddable":true,"href":"https:\/\/blogs.correiobraziliense.com.br\/vicente\/wp-json\/wp\/v2\/media\/13023"}],"wp:attachment":[{"href":"https:\/\/blogs.correiobraziliense.com.br\/vicente\/wp-json\/wp\/v2\/media?parent=16007"}],"wp:term":[{"taxonomy":"category","embeddable":true,"href":"https:\/\/blogs.correiobraziliense.com.br\/vicente\/wp-json\/wp\/v2\/categories?post=16007"},{"taxonomy":"post_tag","embeddable":true,"href":"https:\/\/blogs.correiobraziliense.com.br\/vicente\/wp-json\/wp\/v2\/tags?post=16007"}],"curies":[{"name":"wp","href":"https:\/\/api.w.org\/{rel}","templated":true}]}}