{"id":16000,"date":"2020-09-23T14:45:28","date_gmt":"2020-09-23T17:45:28","guid":{"rendered":"https:\/\/blogs.correiobraziliense.com.br\/vicente\/?p=16000"},"modified":"2020-09-23T19:05:50","modified_gmt":"2020-09-23T22:05:50","slug":"em-reuniao-com-diretores-do-bb-brandao-cobra-projetos-concretos-acabou-o-migue","status":"publish","type":"post","link":"https:\/\/blogs.correiobraziliense.com.br\/vicente\/em-reuniao-com-diretores-do-bb-brandao-cobra-projetos-concretos-acabou-o-migue\/","title":{"rendered":"Em reuni\u00e3o com diretores do BB, Brand\u00e3o cobra projetos concretos. &#8220;Acabou o Migu\u00e9!&#8221;"},"content":{"rendered":"<h2>O novo presidente do Banco do Brasil, Andr\u00e9 Brand\u00e3o, deixou uma boa impress\u00e3o na primeira reuni\u00e3o que teve com os diretores da institui\u00e7\u00e3o nesta quarta-feira (23\/09). Mas os presentes entenderam que precisar\u00e3o apresentar projetos concretos e n\u00e3o promessas que todos sabem que n\u00e3o dar\u00e3o em nada. Efici\u00eancia e resultados dar\u00e3o a t\u00f4nica da gest\u00e3o do BB de agora em diante.<\/h2>\n<p>&nbsp;<\/p>\n<p>Quem ouviu as diretrizes de Brand\u00e3o \u2014 que, ressalte-se, mostrou-se muito educado e atencioso \u2014, entendeu o recado, que se espalhou pelos corredores da institui\u00e7\u00e3o. Imediatamente, o termo mais usado entre os empregados do Banco do Brasil foi: &#8220;Acabou o Migu\u00e9!&#8221;, num tom de piada, mas, tamb\u00e9m, de preocupa\u00e7\u00e3o. Por uma raz\u00e3o simples: n\u00e3o ser\u00e1 mais aceita enrola\u00e7\u00e3o.<\/p>\n<p>&nbsp;<\/p>\n<p>Os diretores do BB perceberam que precisar\u00e3o de projetos mais s\u00f3lidos e de muito mais argumentos para debater os assuntos com Andr\u00e9 Brand\u00e3o, que tem 34 anos de experi\u00eancia no sistema financeiro, inclusive internacional.<\/p>\n<p>&nbsp;<\/p>\n<p>Todo mundo no Banco do Brasil sabe que <a href=\"https:\/\/blogs.correiobraziliense.com.br\/vicente\/perto-de-andre-brandao-rubem-novaes-ficou-um-nanico-a-frente-do-bb\/\">o ex-presidente da institui\u00e7\u00e3o Rubem Novaes, apesar da forma\u00e7\u00e3o em economia, n\u00e3o tinha passagem relevante pelo sistema financeiro<\/a>. N\u00e3o \u00e0 toa, quando convidou Brand\u00e3o para a presid\u00eancia do BB, o ministro da Economia, Paulo Guedes, foi enf\u00e1tico: &#8220;O Banco do Brasil precisa de gest\u00e3o, de um executivo&#8221;.<\/p>\n<p>&nbsp;<\/p>\n<p><em>Bras\u00edlia, 14h45min\u00a0<\/em><\/p>\n","protected":false},"excerpt":{"rendered":"<p>O novo presidente do Banco do Brasil, Andr\u00e9 Brand\u00e3o, deixou uma boa impress\u00e3o na primeira reuni\u00e3o que teve com os diretores da institui\u00e7\u00e3o nesta quarta-feira (23\/09). Mas os presentes entenderam que precisar\u00e3o apresentar projetos concretos e n\u00e3o promessas que todos sabem que n\u00e3o dar\u00e3o em nada. Efici\u00eancia e resultados dar\u00e3o a t\u00f4nica da gest\u00e3o do [&hellip;]<\/p>\n","protected":false},"author":22,"featured_media":16001,"comment_status":"open","ping_status":"closed","sticky":false,"template":"","format":"standard","meta":{"footnotes":""},"categories":[600],"tags":[4961,589,4943,2787],"class_list":["post-16000","post","type-post","status-publish","format-standard","has-post-thumbnail","hentry","category-economia","tag-andre-brandao-cobra-projetos-de-diretores","tag-economia","tag-financas","tag-politica"],"_links":{"self":[{"href":"https:\/\/blogs.correiobraziliense.com.br\/vicente\/wp-json\/wp\/v2\/posts\/16000","targetHints":{"allow":["GET"]}}],"collection":[{"href":"https:\/\/blogs.correiobraziliense.com.br\/vicente\/wp-json\/wp\/v2\/posts"}],"about":[{"href":"https:\/\/blogs.correiobraziliense.com.br\/vicente\/wp-json\/wp\/v2\/types\/post"}],"author":[{"embeddable":true,"href":"https:\/\/blogs.correiobraziliense.com.br\/vicente\/wp-json\/wp\/v2\/users\/22"}],"replies":[{"embeddable":true,"href":"https:\/\/blogs.correiobraziliense.com.br\/vicente\/wp-json\/wp\/v2\/comments?post=16000"}],"version-history":[{"count":6,"href":"https:\/\/blogs.correiobraziliense.com.br\/vicente\/wp-json\/wp\/v2\/posts\/16000\/revisions"}],"predecessor-version":[{"id":16011,"href":"https:\/\/blogs.correiobraziliense.com.br\/vicente\/wp-json\/wp\/v2\/posts\/16000\/revisions\/16011"}],"wp:featuredmedia":[{"embeddable":true,"href":"https:\/\/blogs.correiobraziliense.com.br\/vicente\/wp-json\/wp\/v2\/media\/16001"}],"wp:attachment":[{"href":"https:\/\/blogs.correiobraziliense.com.br\/vicente\/wp-json\/wp\/v2\/media?parent=16000"}],"wp:term":[{"taxonomy":"category","embeddable":true,"href":"https:\/\/blogs.correiobraziliense.com.br\/vicente\/wp-json\/wp\/v2\/categories?post=16000"},{"taxonomy":"post_tag","embeddable":true,"href":"https:\/\/blogs.correiobraziliense.com.br\/vicente\/wp-json\/wp\/v2\/tags?post=16000"}],"curies":[{"name":"wp","href":"https:\/\/api.w.org\/{rel}","templated":true}]}}