{"id":15994,"date":"2020-09-23T12:01:12","date_gmt":"2020-09-23T15:01:12","guid":{"rendered":"https:\/\/blogs.correiobraziliense.com.br\/vicente\/?p=15994"},"modified":"2020-09-23T14:45:57","modified_gmt":"2020-09-23T17:45:57","slug":"guedes-usa-lideres-do-centrao-para-isolar-maia-e-insiste-em-cpmf","status":"publish","type":"post","link":"https:\/\/blogs.correiobraziliense.com.br\/vicente\/guedes-usa-lideres-do-centrao-para-isolar-maia-e-insiste-em-cpmf\/","title":{"rendered":"Guedes usa l\u00edderes do Centr\u00e3o para isolar Maia e insiste em CPMF"},"content":{"rendered":"<h2>O ministro da Economia, Paulo Guedes, deu mostras, nesta quarta-feira (23\/09), de que est\u00e1 disposto a passar por cima do presidente da C\u00e2mara, Rodrigo Maia, e levar adiante a sua obsess\u00e3o de recriar a CPMF, travestida de imposto sobre transa\u00e7\u00f5es eletr\u00f4nicas. Maia \u00e9 extremamente contra a proposta.<\/h2>\n<p>&nbsp;<\/p>\n<p>Para executar seus planos, Guedes reuniu-se com l\u00edderes do Centr\u00e3o e o presidente Jair Bolsonaro com o objetivo de unificar o discurso. O ministro deixou claro que o governo est\u00e1 discutindo &#8220;tributos alternativos&#8221; e formas de se fazer uma aterrissagem suave do fim do aux\u00edlio emergencial. Ou seja, o Renda Brasil est\u00e1 de volta \u00e0 pauta do Executivo.<\/p>\n<p>&nbsp;<\/p>\n<p>Logo ap\u00f3s a reuni\u00e3o, que n\u00e3o contou com a presen\u00e7a de Maia, Guedes tra\u00e7ou um quadro positivo para a economia se o Congresso fizer andar a agenda do governo, que passa pela aprova\u00e7\u00e3o da reforma tribut\u00e1ria \u2014 a segunda etapa da proposta do Planalto deve seguir para o Congresso na pr\u00f3xima semana \u2014, da reforma administrativa e da PEC do Pacto Federativo.<\/p>\n<p>&nbsp;<\/p>\n<p>No arranjo com os l\u00edderes, o governo prometeu unificar as tr\u00eas PECs enviadas no ano passado ao Legislativo para abrir espa\u00e7o no Or\u00e7amento a fim de bancar um programa social mais robusto do que o Bolsa Fam\u00edlia. Tudo com o aval de Bolsonaro, que havia prometido enterrar o Renda Brasil, mas est\u00e1 obcecado por um programa social para chamar de seu.<\/p>\n<p>&nbsp;<\/p>\n<p><strong>Investidores desconfiam de Guedes<\/strong><\/p>\n<p>&nbsp;<\/p>\n<p>No pacote apresentado por Guedes aos l\u00edderes do Centr\u00e3o, foi inclu\u00edda a proposta de desonera\u00e7\u00e3o da folha de pagamento, mas sem qualquer detalhamento do projeto. O governo quer, com essa promessa, evitar a derrubada do veto sobre a prorroga\u00e7\u00e3o da desonera\u00e7\u00e3o da folha para 17 setores at\u00e9 o fim de 2021.<\/p>\n<p>&nbsp;<\/p>\n<p>Antes das declara\u00e7\u00f5es do ministro da Economia, o presidente da Comiss\u00e3o Mista da Reforma Tribut\u00e1ria, senador Roberto Rocha, que tamb\u00e9m se reuniu com Bolsonaro, disse que a CPMF est\u00e1 fora de discuss\u00e3o neste momento, pois n\u00e3o h\u00e1 clima pol\u00edtico para se debater o assunto.<\/p>\n<p>&nbsp;<\/p>\n<p>Guedes, ladeado por ministros e por l\u00edderes do Centr\u00e3o, est\u00e1 tentando retomar a confian\u00e7a dos investidores, que est\u00e3o cada vez mais c\u00e9ticos quanto aos compromissos do governo em promover reformas e em conter o rombo das contas p\u00fablicas.<\/p>\n<p>&nbsp;<\/p>\n<p>Para dar suporte ao chefe da equipe econ\u00f4mica, o l\u00edder do governo do C\u00e2mara, Ricardo Barros, afirmou que o teto de gastos est\u00e1 mantido em todas as hip\u00f3teses que vierem a ser discutidas no Congresso. Ser\u00e1 dif\u00edcil, por\u00e9m, convencer os donos do dinheiro desse compromisso.<\/p>\n<p>&nbsp;<\/p>\n<p><em>Bras\u00edlia, 12h01min<\/em><\/p>\n","protected":false},"excerpt":{"rendered":"<p>O ministro da Economia, Paulo Guedes, deu mostras, nesta quarta-feira (23\/09), de que est\u00e1 disposto a passar por cima do presidente da C\u00e2mara, Rodrigo Maia, e levar adiante a sua obsess\u00e3o de recriar a CPMF, travestida de imposto sobre transa\u00e7\u00f5es eletr\u00f4nicas. Maia \u00e9 extremamente contra a proposta. &nbsp; Para executar seus planos, Guedes reuniu-se com [&hellip;]<\/p>\n","protected":false},"author":22,"featured_media":15234,"comment_status":"open","ping_status":"closed","sticky":false,"template":"","format":"standard","meta":{"footnotes":""},"categories":[600],"tags":[589,4943,4960,2787,574],"class_list":["post-15994","post","type-post","status-publish","format-standard","has-post-thumbnail","hentry","category-economia","tag-economia","tag-financas","tag-guedes-quer-recriar-cpmf-sem-apoio-de-maia","tag-politica","tag-tributos"],"_links":{"self":[{"href":"https:\/\/blogs.correiobraziliense.com.br\/vicente\/wp-json\/wp\/v2\/posts\/15994","targetHints":{"allow":["GET"]}}],"collection":[{"href":"https:\/\/blogs.correiobraziliense.com.br\/vicente\/wp-json\/wp\/v2\/posts"}],"about":[{"href":"https:\/\/blogs.correiobraziliense.com.br\/vicente\/wp-json\/wp\/v2\/types\/post"}],"author":[{"embeddable":true,"href":"https:\/\/blogs.correiobraziliense.com.br\/vicente\/wp-json\/wp\/v2\/users\/22"}],"replies":[{"embeddable":true,"href":"https:\/\/blogs.correiobraziliense.com.br\/vicente\/wp-json\/wp\/v2\/comments?post=15994"}],"version-history":[{"count":5,"href":"https:\/\/blogs.correiobraziliense.com.br\/vicente\/wp-json\/wp\/v2\/posts\/15994\/revisions"}],"predecessor-version":[{"id":15999,"href":"https:\/\/blogs.correiobraziliense.com.br\/vicente\/wp-json\/wp\/v2\/posts\/15994\/revisions\/15999"}],"wp:featuredmedia":[{"embeddable":true,"href":"https:\/\/blogs.correiobraziliense.com.br\/vicente\/wp-json\/wp\/v2\/media\/15234"}],"wp:attachment":[{"href":"https:\/\/blogs.correiobraziliense.com.br\/vicente\/wp-json\/wp\/v2\/media?parent=15994"}],"wp:term":[{"taxonomy":"category","embeddable":true,"href":"https:\/\/blogs.correiobraziliense.com.br\/vicente\/wp-json\/wp\/v2\/categories?post=15994"},{"taxonomy":"post_tag","embeddable":true,"href":"https:\/\/blogs.correiobraziliense.com.br\/vicente\/wp-json\/wp\/v2\/tags?post=15994"}],"curies":[{"name":"wp","href":"https:\/\/api.w.org\/{rel}","templated":true}]}}