{"id":15990,"date":"2020-09-22T18:25:42","date_gmt":"2020-09-22T21:25:42","guid":{"rendered":"https:\/\/blogs.correiobraziliense.com.br\/vicente\/?p=15990"},"modified":"2020-09-22T23:35:30","modified_gmt":"2020-09-23T02:35:30","slug":"investimento-facilitara-exportacao-pelo-norte-do-pais","status":"publish","type":"post","link":"https:\/\/blogs.correiobraziliense.com.br\/vicente\/investimento-facilitara-exportacao-pelo-norte-do-pais\/","title":{"rendered":"Investimento facilitar\u00e1 exporta\u00e7\u00e3o pelo Norte do pa\u00eds"},"content":{"rendered":"<h2>O setor produtivo do Centro-Oeste ganhou um forte aliado na estrat\u00e9gia de fortalecimento de exporta\u00e7\u00e3o de produtos pelo Arco Norte, que conecta os portos de Itacoatiara (Amazonas), Santar\u00e9m e Barcarena (Par\u00e1) e Itaqui (Maranh\u00e3o) com trechos de hidrovias e rodovias.<\/h2>\n<p>&nbsp;<\/p>\n<p>A deputada federal Paula Belmonte (Cidadania-DF), entusiasta da ideia, levou a proposta ao ministro da Infraestrutura, Tarc\u00edsio de Freitas. Durante reuni\u00e3o com a parlamentar, o ministro afirmou que h\u00e1 um grande investimento do governo federal na malha ferrovi\u00e1ria da regi\u00e3o Norte, justamente para atender o setor produtivo.<\/p>\n<p>&nbsp;<\/p>\n<p>&#8220;Realmente a log\u00edstica brasileira est\u00e1 se voltando para o Norte, possibilitando maior competitividade\u201d, diz o ministro. \u201cVai ser um importante est\u00edmulo para o setor produtivo de Bras\u00edlia e de toda a regi\u00e3o Centro-Oeste estimular esta nova rota de exporta\u00e7\u00e3o\u201d, acrescenta a deputada.<\/p>\n<p>&nbsp;<\/p>\n<p>O presidente da Associa\u00e7\u00e3o Comercial do Distrito Federal, Fernando Brites, tamb\u00e9m participou da reuni\u00e3o. Ele explica que, atualmente, grande parte das commodities das regi\u00e3o Centro-Oeste \u00e9 levada para os portos do Sul e Sudeste, percorrendo at\u00e9 2.000 quil\u00f4metros antes de ser embarcada para os portos do norte da Europa.<\/p>\n<p>&nbsp;<\/p>\n<p>Com a nova rota pelo Arco Norte, o percurso seria reduzido para 800 quil\u00f4metros e o destino final seria o Porto de Sines, no sul de Portugal, tornando os produtos exportados pelo Brasil ainda mais competitivos.<\/p>\n<p>&nbsp;<\/p>\n<p><em>Bras\u00edlia, 18h25min<\/em><\/p>\n","protected":false},"excerpt":{"rendered":"<p>O setor produtivo do Centro-Oeste ganhou um forte aliado na estrat\u00e9gia de fortalecimento de exporta\u00e7\u00e3o de produtos pelo Arco Norte, que conecta os portos de Itacoatiara (Amazonas), Santar\u00e9m e Barcarena (Par\u00e1) e Itaqui (Maranh\u00e3o) com trechos de hidrovias e rodovias. &nbsp; A deputada federal Paula Belmonte (Cidadania-DF), entusiasta da ideia, levou a proposta ao ministro [&hellip;]<\/p>\n","protected":false},"author":22,"featured_media":15991,"comment_status":"open","ping_status":"closed","sticky":false,"template":"","format":"standard","meta":{"footnotes":""},"categories":[600],"tags":[589,4959,4943,704],"class_list":["post-15990","post","type-post","status-publish","format-standard","has-post-thumbnail","hentry","category-economia","tag-economia","tag-escoamento-pelo-norte-do-pais","tag-financas","tag-infraestrutura"],"_links":{"self":[{"href":"https:\/\/blogs.correiobraziliense.com.br\/vicente\/wp-json\/wp\/v2\/posts\/15990","targetHints":{"allow":["GET"]}}],"collection":[{"href":"https:\/\/blogs.correiobraziliense.com.br\/vicente\/wp-json\/wp\/v2\/posts"}],"about":[{"href":"https:\/\/blogs.correiobraziliense.com.br\/vicente\/wp-json\/wp\/v2\/types\/post"}],"author":[{"embeddable":true,"href":"https:\/\/blogs.correiobraziliense.com.br\/vicente\/wp-json\/wp\/v2\/users\/22"}],"replies":[{"embeddable":true,"href":"https:\/\/blogs.correiobraziliense.com.br\/vicente\/wp-json\/wp\/v2\/comments?post=15990"}],"version-history":[{"count":2,"href":"https:\/\/blogs.correiobraziliense.com.br\/vicente\/wp-json\/wp\/v2\/posts\/15990\/revisions"}],"predecessor-version":[{"id":15993,"href":"https:\/\/blogs.correiobraziliense.com.br\/vicente\/wp-json\/wp\/v2\/posts\/15990\/revisions\/15993"}],"wp:featuredmedia":[{"embeddable":true,"href":"https:\/\/blogs.correiobraziliense.com.br\/vicente\/wp-json\/wp\/v2\/media\/15991"}],"wp:attachment":[{"href":"https:\/\/blogs.correiobraziliense.com.br\/vicente\/wp-json\/wp\/v2\/media?parent=15990"}],"wp:term":[{"taxonomy":"category","embeddable":true,"href":"https:\/\/blogs.correiobraziliense.com.br\/vicente\/wp-json\/wp\/v2\/categories?post=15990"},{"taxonomy":"post_tag","embeddable":true,"href":"https:\/\/blogs.correiobraziliense.com.br\/vicente\/wp-json\/wp\/v2\/tags?post=15990"}],"curies":[{"name":"wp","href":"https:\/\/api.w.org\/{rel}","templated":true}]}}