{"id":15982,"date":"2020-09-22T19:44:20","date_gmt":"2020-09-22T22:44:20","guid":{"rendered":"https:\/\/blogs.correiobraziliense.com.br\/vicente\/?p=15982"},"modified":"2020-09-22T22:10:38","modified_gmt":"2020-09-23T01:10:38","slug":"representante-de-empregados-nao-podera-participar-de-conselho-da-ceb-sobre-privatizacao","status":"publish","type":"post","link":"https:\/\/blogs.correiobraziliense.com.br\/vicente\/representante-de-empregados-nao-podera-participar-de-conselho-da-ceb-sobre-privatizacao\/","title":{"rendered":"Representante de empregados n\u00e3o poder\u00e1 participar de Conselho da CEB sobre privatiza\u00e7\u00e3o"},"content":{"rendered":"<h2>A Comiss\u00e3o de Valores Mobili\u00e1rios (CVM), \u00f3rg\u00e3o que regula e fiscaliza o mercado de capitais, decidiu, nesta ter\u00e7a-feira (22\/09), que o representante dos empregados no Conselho de Administra\u00e7\u00e3o da Companhia Energ\u00e9tica de Bras\u00edlia (CEB) n\u00e3o poder\u00e1 participar de nenhuma reuni\u00e3o sobre a privatiza\u00e7\u00e3o da empresa e nem ter acesso a documentos sobre o tema.<\/h2>\n<p>&nbsp;<\/p>\n<p>A CVM acatou recurso da CEB, que alegou conflitos de interesses. Por representar os empregados, Ricardo Bernardo da Silva poderia criar embara\u00e7os para a continuidade do processo de venda da companhia, que deve ocorrer ainda neste ano. Como funcion\u00e1rio da companhia, o conselheiro ser\u00e1 atingindo por qualquer decis\u00e3o que venha a ser tomada pelos futuros controladores.<\/p>\n<p>&nbsp;<\/p>\n<p>&#8220;Por maioria, acompanhando o voto do diretor Henrique Machado, o Colegiado decidiu pelo\u00a0recebimento\u00a0do recurso na forma de consulta e, sob essa perspectiva, registrou o entendimento de que a participa\u00e7\u00e3o do conselheiro representante dos empregados nas discuss\u00f5es relacionadas \u00e0 aliena\u00e7\u00e3o do controle acion\u00e1rio da CEB-DIS n\u00e3o encontra respaldo legal\u00a0por\u00a0tratar-se de hip\u00f3tese de conflito de interesses&#8221;, informou a CVM em comunicado.<\/p>\n<p>&nbsp;<\/p>\n<p><a href=\"https:\/\/blogs.correiobraziliense.com.br\/vicente\/wp-content\/uploads\/sites\/16\/2020\/09\/CEBCVM.jpg\"><img loading=\"lazy\" decoding=\"async\" class=\"alignnone size-large wp-image-15984\" src=\"https:\/\/blogs.correiobraziliense.com.br\/vicente\/wp-content\/uploads\/sites\/16\/2020\/09\/CEBCVM-1024x576.jpg\" alt=\"\" width=\"1024\" height=\"576\" srcset=\"https:\/\/blogs.correiobraziliense.com.br\/vicente\/wp-content\/uploads\/sites\/16\/2020\/09\/CEBCVM-1024x576.jpg 1024w, https:\/\/blogs.correiobraziliense.com.br\/vicente\/wp-content\/uploads\/sites\/16\/2020\/09\/CEBCVM-300x169.jpg 300w, https:\/\/blogs.correiobraziliense.com.br\/vicente\/wp-content\/uploads\/sites\/16\/2020\/09\/CEBCVM-768x432.jpg 768w, https:\/\/blogs.correiobraziliense.com.br\/vicente\/wp-content\/uploads\/sites\/16\/2020\/09\/CEBCVM-550x309.jpg 550w, https:\/\/blogs.correiobraziliense.com.br\/vicente\/wp-content\/uploads\/sites\/16\/2020\/09\/CEBCVM-230x129.jpg 230w, https:\/\/blogs.correiobraziliense.com.br\/vicente\/wp-content\/uploads\/sites\/16\/2020\/09\/CEBCVM.jpg 1280w\" sizes=\"auto, (max-width: 1024px) 100vw, 1024px\" \/><\/a><\/p>\n<p>&nbsp;<\/p>\n<p><strong>Conflito de interesse foi parar na Justi\u00e7a<\/strong><\/p>\n<p>&nbsp;<\/p>\n<p>A CEB recorreu \u00e0 Comiss\u00e3o de Valores Mobili\u00e1rios (CVM) depois que o impedimento para a participa\u00e7\u00e3o do representante dos empregados em seu Conselho de Administra\u00e7\u00e3o foi parar na Justi\u00e7a. A \u00e1rea jur\u00eddica da companhia j\u00e1 havia detectado conflitos de interesses por parte do conselheiro. Mas Ricardo Silva recorreu aos tribunais. A perspectiva \u00e9 de que o juiz que cuida do caso siga a decis\u00e3o do \u00f3rg\u00e3o regulador do mercado.<\/p>\n<p>&nbsp;<\/p>\n<p>O processo de venda da CEB est\u00e1 em fase bastante adiantada. S\u00f3 depende de avalia\u00e7\u00f5es feitas pelo Banco Nacional de Desenvolvimento Econ\u00f4mico e Social (BNDES). Com base nas informa\u00e7\u00f5es da institui\u00e7\u00e3o, o Conselho de Administra\u00e7\u00e3o da empresa poder\u00e1 bater o martelo sobre o modelo e o pre\u00e7o de venda.<\/p>\n<p>&nbsp;<\/p>\n<p>Entre os especialistas, o entendimento \u00e9 de que, a partir de agora, a posi\u00e7\u00e3o da CVM valer\u00e1 para todas as estatais que vierem a ser privatizadas. Isso facilitar\u00e1 muito a venda das empresas, uma vez que os representantes dos empregados, at\u00e9 por interesses pr\u00f3prios, acabam se tornando empecilhos para o andamento das privatiza\u00e7\u00f5es.<\/p>\n<p>&nbsp;<\/p>\n<p><em>Bras\u00edlia, 19h44min<\/em><\/p>\n","protected":false},"excerpt":{"rendered":"<p>A Comiss\u00e3o de Valores Mobili\u00e1rios (CVM), \u00f3rg\u00e3o que regula e fiscaliza o mercado de capitais, decidiu, nesta ter\u00e7a-feira (22\/09), que o representante dos empregados no Conselho de Administra\u00e7\u00e3o da Companhia Energ\u00e9tica de Bras\u00edlia (CEB) n\u00e3o poder\u00e1 participar de nenhuma reuni\u00e3o sobre a privatiza\u00e7\u00e3o da empresa e nem ter acesso a documentos sobre o tema. &nbsp; [&hellip;]<\/p>\n","protected":false},"author":22,"featured_media":9946,"comment_status":"open","ping_status":"closed","sticky":false,"template":"","format":"standard","meta":{"footnotes":""},"categories":[600],"tags":[4957,589,36,4943,282],"class_list":["post-15982","post","type-post","status-publish","format-standard","has-post-thumbnail","hentry","category-economia","tag-cvm-acata-pedido-da-ceb-sobre-privatizacao","tag-economia","tag-energia","tag-financas","tag-justica"],"_links":{"self":[{"href":"https:\/\/blogs.correiobraziliense.com.br\/vicente\/wp-json\/wp\/v2\/posts\/15982","targetHints":{"allow":["GET"]}}],"collection":[{"href":"https:\/\/blogs.correiobraziliense.com.br\/vicente\/wp-json\/wp\/v2\/posts"}],"about":[{"href":"https:\/\/blogs.correiobraziliense.com.br\/vicente\/wp-json\/wp\/v2\/types\/post"}],"author":[{"embeddable":true,"href":"https:\/\/blogs.correiobraziliense.com.br\/vicente\/wp-json\/wp\/v2\/users\/22"}],"replies":[{"embeddable":true,"href":"https:\/\/blogs.correiobraziliense.com.br\/vicente\/wp-json\/wp\/v2\/comments?post=15982"}],"version-history":[{"count":4,"href":"https:\/\/blogs.correiobraziliense.com.br\/vicente\/wp-json\/wp\/v2\/posts\/15982\/revisions"}],"predecessor-version":[{"id":15987,"href":"https:\/\/blogs.correiobraziliense.com.br\/vicente\/wp-json\/wp\/v2\/posts\/15982\/revisions\/15987"}],"wp:featuredmedia":[{"embeddable":true,"href":"https:\/\/blogs.correiobraziliense.com.br\/vicente\/wp-json\/wp\/v2\/media\/9946"}],"wp:attachment":[{"href":"https:\/\/blogs.correiobraziliense.com.br\/vicente\/wp-json\/wp\/v2\/media?parent=15982"}],"wp:term":[{"taxonomy":"category","embeddable":true,"href":"https:\/\/blogs.correiobraziliense.com.br\/vicente\/wp-json\/wp\/v2\/categories?post=15982"},{"taxonomy":"post_tag","embeddable":true,"href":"https:\/\/blogs.correiobraziliense.com.br\/vicente\/wp-json\/wp\/v2\/tags?post=15982"}],"curies":[{"name":"wp","href":"https:\/\/api.w.org\/{rel}","templated":true}]}}