{"id":15979,"date":"2020-09-22T17:35:54","date_gmt":"2020-09-22T20:35:54","guid":{"rendered":"https:\/\/blogs.correiobraziliense.com.br\/vicente\/?p=15979"},"modified":"2020-09-22T19:15:26","modified_gmt":"2020-09-22T22:15:26","slug":"andre-brandao-quer-aprofundar-agenda-ambiental-do-bb-e-diz-que-privatizacao-e-com-o-acionista","status":"publish","type":"post","link":"https:\/\/blogs.correiobraziliense.com.br\/vicente\/andre-brandao-quer-aprofundar-agenda-ambiental-do-bb-e-diz-que-privatizacao-e-com-o-acionista\/","title":{"rendered":"Andr\u00e9 Brand\u00e3o quer aprofundar agenda ambiental do BB e diz que privatiza\u00e7\u00e3o \u00e9 com o acionista"},"content":{"rendered":"<h2>Em entrevista \u00e0 <a href=\"https:\/\/www2.anabb.org.br\/Portal\/Noticia\/Visualizar\/100652\/Entrevista-concedida-por-Andre-Brandao-a-Agencia-de-Noticias-Banco-do-Brasil\">Ag\u00eancia de Not\u00edcias do Banco do Brasil<\/a>, Andr\u00e9 Brand\u00e3o, novo presidente da institui\u00e7\u00e3o, detalhou parte dos planos para sua gest\u00e3o. Ele pretende dar mais visibilidade \u00e0 agenda ambiental do banco, tema que, segundo ele, virou &#8220;coqueluche&#8221; no exterior, sobretudo depois da pandemia do novo coronav\u00edrus.<\/h2>\n<p>&nbsp;<\/p>\n<p>&#8220;Financiamentos ambientais, financiamentos sociais, de uma certa forma, eu vejo isso enraizado no Banco do Brasil. Eu acho que a gente pode extrair mais valor e, talvez, fazer uma promo\u00e7\u00e3o disso com os nossos colaboradores, com os nossos clientes. Acho que tem uma coisa que est\u00e1 a\u00ed p\u00f3s-pandemia. Isso virou uma coqueluche e a gente vai ter que, talvez, investir nesse processo e extrair mais valor da nossa marca, do que j\u00e1 fazemos&#8221;, afirmou.<\/p>\n<p>&nbsp;<\/p>\n<p>Brand\u00e3o destacou que, enquanto esteve no exterior \u2014 at\u00e9 bem pouco tempo, ele era diretor do HSBC em Nova York \u2014, participou muito de discuss\u00f5es sobre a agenda ambiental do sistema financeiro. Na vis\u00e3o dele, essa \u00e9 uma agenda extremamente avan\u00e7ada l\u00e1 fora. No Brasil, o que se percebe \u00e9 um engajamento maior dos bancos privados na quest\u00e3o ambiental.<\/p>\n<p>&nbsp;<\/p>\n<p><strong>Atendimento a brasileiros no exterior<\/strong><\/p>\n<p>&nbsp;<\/p>\n<p>O novo presidente do Banco do Brasil ressaltou ainda a inten\u00e7\u00e3o de refor\u00e7ar o atendimento de brasileiros no exterior. &#8220;Uma das coisas que eu espero do Banco do Brasil \u00e9: por que n\u00e3o a gente atender os clientes brasileiros no exterior? Eu sei que o banco fez investimentos para seguir o nosso cliente no exterior&#8221;, ressaltou.<\/p>\n<p>&nbsp;<\/p>\n<p>Para o executivo, essa quest\u00e3o tem que ser avaliada com um pouco mais de detalhe&#8221;. &#8220;Mas eu vejo ali uma oportunidade, dada \u00e0 vac\u00e2ncia de parceiros estrangeiros e a gente com uma competi\u00e7\u00e3o com parceiros, com competidores dom\u00e9sticos&#8221;, frisou ele \u00e0 ag\u00eancia de not\u00edcias.<\/p>\n<p>&nbsp;<\/p>\n<p>Sobre uma poss\u00edvel privatiza\u00e7\u00e3o do Banco do Brasil, Brand\u00e3o disse que esse assunto cabe ao acionista controlador da institui\u00e7\u00e3o, no caso, o Tesouro Nacional. &#8220;Quem tem que decidir isso \u00e9 o acionista, e acho que o Bolsonaro, mais de uma vez, j\u00e1 falou que n\u00e3o est\u00e1 em pauta&#8221;, destacou.<\/p>\n<p>&nbsp;<\/p>\n<p>Brand\u00e3o disse que, quando conversou com o ministro da Economia, Paulo Guedes, ele lhe afirmou que o BB precisava de um gestor. &#8220;Ele falou assim: &#8216;Andr\u00e9, tem v\u00e1rias coisas que a gente precisa fazer, e eu preciso de um executivo&#8217;. E \u00e9 o que eu sou, eu sou um executivo. Ent\u00e3o, estou indo l\u00e1 para trabalhar com voc\u00eas, colaboradores do Banco do Brasil, para a gente gerir esse banco. Espero poder agregar com a minha experi\u00eancia, somada \u00e0 experi\u00eancia que voc\u00eas t\u00eam, para a gente melhorar ainda mais esse banco.&#8221;<\/p>\n<p>&nbsp;<\/p>\n<p><em>Bras\u00edlia, 17h35min<\/em><\/p>\n","protected":false},"excerpt":{"rendered":"<p>Em entrevista \u00e0 Ag\u00eancia de Not\u00edcias do Banco do Brasil, Andr\u00e9 Brand\u00e3o, novo presidente da institui\u00e7\u00e3o, detalhou parte dos planos para sua gest\u00e3o. Ele pretende dar mais visibilidade \u00e0 agenda ambiental do banco, tema que, segundo ele, virou &#8220;coqueluche&#8221; no exterior, sobretudo depois da pandemia do novo coronav\u00edrus. &nbsp; &#8220;Financiamentos ambientais, financiamentos sociais, de uma [&hellip;]<\/p>\n","protected":false},"author":22,"featured_media":15980,"comment_status":"open","ping_status":"closed","sticky":false,"template":"","format":"standard","meta":{"footnotes":""},"categories":[600],"tags":[4956,589,4943,2787],"class_list":["post-15979","post","type-post","status-publish","format-standard","has-post-thumbnail","hentry","category-economia","tag-andre-brandao-fala-de-agenda-ambiental-e-privatizacao-do-banco-do-brasil","tag-economia","tag-financas","tag-politica"],"_links":{"self":[{"href":"https:\/\/blogs.correiobraziliense.com.br\/vicente\/wp-json\/wp\/v2\/posts\/15979","targetHints":{"allow":["GET"]}}],"collection":[{"href":"https:\/\/blogs.correiobraziliense.com.br\/vicente\/wp-json\/wp\/v2\/posts"}],"about":[{"href":"https:\/\/blogs.correiobraziliense.com.br\/vicente\/wp-json\/wp\/v2\/types\/post"}],"author":[{"embeddable":true,"href":"https:\/\/blogs.correiobraziliense.com.br\/vicente\/wp-json\/wp\/v2\/users\/22"}],"replies":[{"embeddable":true,"href":"https:\/\/blogs.correiobraziliense.com.br\/vicente\/wp-json\/wp\/v2\/comments?post=15979"}],"version-history":[{"count":1,"href":"https:\/\/blogs.correiobraziliense.com.br\/vicente\/wp-json\/wp\/v2\/posts\/15979\/revisions"}],"predecessor-version":[{"id":15981,"href":"https:\/\/blogs.correiobraziliense.com.br\/vicente\/wp-json\/wp\/v2\/posts\/15979\/revisions\/15981"}],"wp:featuredmedia":[{"embeddable":true,"href":"https:\/\/blogs.correiobraziliense.com.br\/vicente\/wp-json\/wp\/v2\/media\/15980"}],"wp:attachment":[{"href":"https:\/\/blogs.correiobraziliense.com.br\/vicente\/wp-json\/wp\/v2\/media?parent=15979"}],"wp:term":[{"taxonomy":"category","embeddable":true,"href":"https:\/\/blogs.correiobraziliense.com.br\/vicente\/wp-json\/wp\/v2\/categories?post=15979"},{"taxonomy":"post_tag","embeddable":true,"href":"https:\/\/blogs.correiobraziliense.com.br\/vicente\/wp-json\/wp\/v2\/tags?post=15979"}],"curies":[{"name":"wp","href":"https:\/\/api.w.org\/{rel}","templated":true}]}}