{"id":15977,"date":"2020-09-22T14:31:17","date_gmt":"2020-09-22T17:31:17","guid":{"rendered":"https:\/\/blogs.correiobraziliense.com.br\/vicente\/?p=15977"},"modified":"2020-09-22T16:52:35","modified_gmt":"2020-09-22T19:52:35","slug":"militares-estao-em-extase-com-discurso-de-bolsonaro-na-onu","status":"publish","type":"post","link":"https:\/\/blogs.correiobraziliense.com.br\/vicente\/militares-estao-em-extase-com-discurso-de-bolsonaro-na-onu\/","title":{"rendered":"Militares est\u00e3o em \u00eaxtase com discurso de Bolsonaro na ONU"},"content":{"rendered":"<h2>A ala militar do governo aprovou com louvor o discurso do presidente Jair Bolsonaro na Organiza\u00e7\u00e3o das Na\u00e7\u00f5es Unidas (ONU) nesta ter\u00e7a-feira (22\/09). Est\u00e3o todos em \u00eaxtase, como diz um integrante do governo. &#8220;Foi tudo o que esper\u00e1vamos. O presidente marcou posi\u00e7\u00e3o, atacou cr\u00edticos, sem ser agressivo&#8221;, acrescenta.<\/h2>\n<p>&nbsp;<\/p>\n<p>Todo o discurso do presidente passou pelo crivo dos ministros militares, que, bem antes da participa\u00e7\u00e3o dele na Assembleia-Geral da ONU, j\u00e1 vinham expressando a posi\u00e7\u00e3o que seria apresentada pelo chefe de governo. &#8220;Creiam, atingimos nosso objetivo. O que est\u00e3o fazendo com a imagem do Brasil \u00e9 um crime&#8221;, ressalta um militar.<\/p>\n<p>&nbsp;<\/p>\n<p>Na avalia\u00e7\u00e3o dos ministros militares, quem apoia o governo entendeu perfeitamente os recados. &#8220;E temos certeza de que aqueles que t\u00eam d\u00favidas ante a campanha internacional contra o Brasil passaram, agora, a comungar das posi\u00e7\u00f5es do presidente&#8221;, acrescenta o mesmo militar.<\/p>\n<p>&nbsp;<\/p>\n<p>Os militares acreditam que o governo conseguir\u00e1, com a postura mais firme de Bolsonaro, &#8220;mostrando a verdade&#8221;, reverter a imagem horr\u00edvel que o Brasil est\u00e1 no exterior. &#8220;N\u00e3o temos d\u00favidas de que demos visibilidade \u00e0 nossa posi\u00e7\u00e3o. O discurso do presidente foi um contraponto importante&#8221;, diz um assessor do Planalto.<\/p>\n<p>&nbsp;<\/p>\n<p><strong>&#8220;Vai virar verdade&#8221;<\/strong><\/p>\n<p>&nbsp;<\/p>\n<p>O pr\u00f3prio presidente, em conversa com militares, disse acreditar que seu discurso na ONU teve o efeito esperado e abriu espa\u00e7o para o governo se posicionar de forma mais enf\u00e1tica no exterior. A determina\u00e7\u00e3o \u00e9 repetir o discurso sempre que poss\u00edvel, at\u00e9 &#8220;virar verdade&#8221;.<\/p>\n<p>&nbsp;<\/p>\n<p>Dentro dessa estrat\u00e9gia, o Planalto escalou as representa\u00e7\u00f5es do pa\u00eds no exterior para mapear toda a repercuss\u00e3o do discurso de Bolsonaro l\u00e1 fora. Com base nas an\u00e1lises desses dados, ser\u00e3o definidas estrat\u00e9gias de comunica\u00e7\u00e3o para reverter o pessimismo com o Brasil.<\/p>\n<p>&nbsp;<\/p>\n<p>&#8220;Estamos numa guerra de desinforma\u00e7\u00e3o, e entramos nela certo de que podemos sair vencedores. A fala do presidente do presidente na ONU foi s\u00f3 o come\u00e7o dessa batalha&#8221;, frisa o mesmo assessor.<\/p>\n<p>&nbsp;<\/p>\n<p><em>Bras\u00edlia, 14h31min<\/em><\/p>\n","protected":false},"excerpt":{"rendered":"<p>A ala militar do governo aprovou com louvor o discurso do presidente Jair Bolsonaro na Organiza\u00e7\u00e3o das Na\u00e7\u00f5es Unidas (ONU) nesta ter\u00e7a-feira (22\/09). Est\u00e3o todos em \u00eaxtase, como diz um integrante do governo. &#8220;Foi tudo o que esper\u00e1vamos. O presidente marcou posi\u00e7\u00e3o, atacou cr\u00edticos, sem ser agressivo&#8221;, acrescenta. &nbsp; Todo o discurso do presidente passou [&hellip;]<\/p>\n","protected":false},"author":22,"featured_media":14290,"comment_status":"open","ping_status":"closed","sticky":false,"template":"","format":"standard","meta":{"footnotes":""},"categories":[600],"tags":[589,4954,460,4955,2787],"class_list":["post-15977","post","type-post","status-publish","format-standard","has-post-thumbnail","hentry","category-economia","tag-economia","tag-internacional","tag-meio-ambiente","tag-militares-em-extase-com-discurso-de-bolsonaro","tag-politica"],"_links":{"self":[{"href":"https:\/\/blogs.correiobraziliense.com.br\/vicente\/wp-json\/wp\/v2\/posts\/15977","targetHints":{"allow":["GET"]}}],"collection":[{"href":"https:\/\/blogs.correiobraziliense.com.br\/vicente\/wp-json\/wp\/v2\/posts"}],"about":[{"href":"https:\/\/blogs.correiobraziliense.com.br\/vicente\/wp-json\/wp\/v2\/types\/post"}],"author":[{"embeddable":true,"href":"https:\/\/blogs.correiobraziliense.com.br\/vicente\/wp-json\/wp\/v2\/users\/22"}],"replies":[{"embeddable":true,"href":"https:\/\/blogs.correiobraziliense.com.br\/vicente\/wp-json\/wp\/v2\/comments?post=15977"}],"version-history":[{"count":1,"href":"https:\/\/blogs.correiobraziliense.com.br\/vicente\/wp-json\/wp\/v2\/posts\/15977\/revisions"}],"predecessor-version":[{"id":15978,"href":"https:\/\/blogs.correiobraziliense.com.br\/vicente\/wp-json\/wp\/v2\/posts\/15977\/revisions\/15978"}],"wp:featuredmedia":[{"embeddable":true,"href":"https:\/\/blogs.correiobraziliense.com.br\/vicente\/wp-json\/wp\/v2\/media\/14290"}],"wp:attachment":[{"href":"https:\/\/blogs.correiobraziliense.com.br\/vicente\/wp-json\/wp\/v2\/media?parent=15977"}],"wp:term":[{"taxonomy":"category","embeddable":true,"href":"https:\/\/blogs.correiobraziliense.com.br\/vicente\/wp-json\/wp\/v2\/categories?post=15977"},{"taxonomy":"post_tag","embeddable":true,"href":"https:\/\/blogs.correiobraziliense.com.br\/vicente\/wp-json\/wp\/v2\/tags?post=15977"}],"curies":[{"name":"wp","href":"https:\/\/api.w.org\/{rel}","templated":true}]}}