{"id":15957,"date":"2020-09-19T22:01:15","date_gmt":"2020-09-20T01:01:15","guid":{"rendered":"https:\/\/blogs.correiobraziliense.com.br\/vicente\/?p=15957"},"modified":"2020-09-20T00:05:10","modified_gmt":"2020-09-20T03:05:10","slug":"rapper-hungria-diz-que-frequentou-mansao-invadida-no-lago-sul-a-convite-dos-ocupantes","status":"publish","type":"post","link":"https:\/\/blogs.correiobraziliense.com.br\/vicente\/rapper-hungria-diz-que-frequentou-mansao-invadida-no-lago-sul-a-convite-dos-ocupantes\/","title":{"rendered":"Rapper Hungria diz que frequentou mans\u00e3o invadida no Lago Sul a convite dos ocupantes"},"content":{"rendered":"<h2>RENATO SOUZA<\/h2>\n<p>&nbsp;<\/p>\n<h2>O cantor Gustavo Hungria das Neves, conhecido como Hungria Hip Hop, afirmou ao <strong>Blog<\/strong> que <a href=\"https:\/\/blogs.correiobraziliense.com.br\/vicente\/mansao-do-lago-sul-e-invadida-por-casal-especialista-em-ocupar-imoveis-vazios\/\">frequentou a mans\u00e3o da QL 18, Conjunto 4, do Lago Sul, que teria sido invadida por Cristiane Machado e Rodrigo Dami\u00e3o<\/a>. Hungria disse que recebeu convites do casal. O caso est\u00e1 sendo investigado pela Pol\u00edcia Civil do Distrito Federal.<\/h2>\n<p>&nbsp;<\/p>\n<p>Por meio de assessores e advogados, <a href=\"https:\/\/blogs.correiobraziliense.com.br\/vicente\/rapper-com-milhoes-de-seguidores-e-frequentador-assiduo-de-mansao-invadida-no-lago-sul\/\">o rapper informou que tomou conhecimento da suposta invas\u00e3o da propriedade por meio da imprensa<\/a> e que conhece o casal que est\u00e1 no local. &#8220;O artista conhece o casal mencionado na correspond\u00eancia eletr\u00f4nica (e-mail enviado pela reportagem). O artista j\u00e1 esteve presente na resid\u00eancia, a convite do casal&#8221;, frisou.<\/p>\n<p>&nbsp;<\/p>\n<p>Na mesma nota, assessores e advogados de Hungria acrescentam: &#8220;Chegou ao conhecimento do artista, por meio da imprensa, os fatos envolvendo a posse e a propriedade desse im\u00f3vel, que o artista se reserva a n\u00e3o tecer coment\u00e1rios em raz\u00e3o de que se trata de um assunto completamente estranho aos seus interesses&#8221;.<\/p>\n<p>&nbsp;<\/p>\n<p>Ainda de acordo com o texto, Hungria diz esperar &#8220;que a situa\u00e7\u00e3o seja\u00a0esclarecida e resolvida pelos leg\u00edtimos interessados, contudo, restou\u00a0surpreendido com a possibilidade de, eventualmente, ser mencionado \u2014 por algum canal de imprensa \u2014 a fatos que s\u00e3o alheios \u00e0 sua pessoa, sobretudo, porque tratam-se de circunst\u00e2ncias que se deram \u00e0 sua revelia, conforme j\u00e1\u00a0mencionado, ante a aus\u00eancia de qualquer interesse e\/ou responsabilidade envolvendo a quest\u00e3o&#8221;.<\/p>\n<p>&nbsp;<\/p>\n<p><strong>Processo corre na Justi\u00e7a<\/strong><\/p>\n<p>&nbsp;<\/p>\n<p>De acordo com processo que corre na Justi\u00e7a, o herdeiro do im\u00f3vel, Ricardo Lima Rodrigues da Cunha, diz que o casal invadiu a mans\u00e3o de n\u00famero 01 da QL 18, Conjunto 4, em 10 de janeiro, &#8220;da noite para o dia&#8221;. Contudo, ele s\u00f3 tomou conhecimento da situa\u00e7\u00e3o em junho \u00faltimo, depois de encerrar um longo tratamento de sa\u00fade fora de Bras\u00edlia.<\/p>\n<p>&nbsp;<\/p>\n<p>Vizinhos do im\u00f3vel afirmaram que Rodrigo e Cristiane fazem festas constantes na mans\u00e3o, com som em volume alto, at\u00e9 tarde da noite. Entre os frequentadores das baladas na mans\u00e3o est\u00e1 o rapper Hungria. O artista foi criado em Ceil\u00e2ndia, regi\u00e3o administrativa que tamb\u00e9m seria local de origem do casal amigo. Rodrigo e Cristiane afirmam que t\u00eam documentos que comprovam que alugam da resid\u00eancia. Mas, at\u00e9 agora, n\u00e3o apresentaram nada.<\/p>\n<p>&nbsp;<\/p>\n<p>A invas\u00e3o da mans\u00e3o, avaliada em pelo menos R$ 2 milh\u00f5es, est\u00e1 intrigando a pol\u00edcia. <a href=\"https:\/\/blogs.correiobraziliense.com.br\/vicente\/policia-civil-investiga-se-casal-acusado-de-invadir-mansao-no-lago-sul-tem-ligacao-com-grileiros\/\">H\u00e1 suspeitas de envolvimento do casal acusado de invas\u00e3o com grileiros<\/a>. Cristiane e Rodrigo j\u00e1 responderam a pelo menos dois processos por invas\u00e3o de domic\u00edlio. Um, no Gama; outro, em Ceil\u00e2ndia. Eles ser\u00e3o intimados a dep\u00f4r pela Pol\u00edcia Civil. A audi\u00eancia do processo movido pelo herdeiro da mans\u00e3o, no qual ele pede a reintegra\u00e7\u00e3o de posse do im\u00f3vel, est\u00e1 marcada para 22 de outubro pr\u00f3ximo.<\/p>\n<p>&nbsp;<\/p>\n<p><em>Bras\u00edlia, 22h01min<\/em><\/p>\n","protected":false},"excerpt":{"rendered":"<p>RENATO SOUZA &nbsp; O cantor Gustavo Hungria das Neves, conhecido como Hungria Hip Hop, afirmou ao Blog que frequentou a mans\u00e3o da QL 18, Conjunto 4, do Lago Sul, que teria sido invadida por Cristiane Machado e Rodrigo Dami\u00e3o. Hungria disse que recebeu convites do casal. O caso est\u00e1 sendo investigado pela Pol\u00edcia Civil do [&hellip;]<\/p>\n","protected":false},"author":22,"featured_media":15958,"comment_status":"open","ping_status":"closed","sticky":false,"template":"","format":"standard","meta":{"footnotes":""},"categories":[600],"tags":[3025,4940,4951,807,3523,4945,4950,2459],"class_list":["post-15957","post","type-post","status-publish","format-standard","has-post-thumbnail","hentry","category-economia","tag-cristiane","tag-herdeiro","tag-hungria","tag-invasao","tag-lago-sul","tag-mansao","tag-rapper","tag-rodrigo"],"_links":{"self":[{"href":"https:\/\/blogs.correiobraziliense.com.br\/vicente\/wp-json\/wp\/v2\/posts\/15957","targetHints":{"allow":["GET"]}}],"collection":[{"href":"https:\/\/blogs.correiobraziliense.com.br\/vicente\/wp-json\/wp\/v2\/posts"}],"about":[{"href":"https:\/\/blogs.correiobraziliense.com.br\/vicente\/wp-json\/wp\/v2\/types\/post"}],"author":[{"embeddable":true,"href":"https:\/\/blogs.correiobraziliense.com.br\/vicente\/wp-json\/wp\/v2\/users\/22"}],"replies":[{"embeddable":true,"href":"https:\/\/blogs.correiobraziliense.com.br\/vicente\/wp-json\/wp\/v2\/comments?post=15957"}],"version-history":[{"count":5,"href":"https:\/\/blogs.correiobraziliense.com.br\/vicente\/wp-json\/wp\/v2\/posts\/15957\/revisions"}],"predecessor-version":[{"id":15963,"href":"https:\/\/blogs.correiobraziliense.com.br\/vicente\/wp-json\/wp\/v2\/posts\/15957\/revisions\/15963"}],"wp:featuredmedia":[{"embeddable":true,"href":"https:\/\/blogs.correiobraziliense.com.br\/vicente\/wp-json\/wp\/v2\/media\/15958"}],"wp:attachment":[{"href":"https:\/\/blogs.correiobraziliense.com.br\/vicente\/wp-json\/wp\/v2\/media?parent=15957"}],"wp:term":[{"taxonomy":"category","embeddable":true,"href":"https:\/\/blogs.correiobraziliense.com.br\/vicente\/wp-json\/wp\/v2\/categories?post=15957"},{"taxonomy":"post_tag","embeddable":true,"href":"https:\/\/blogs.correiobraziliense.com.br\/vicente\/wp-json\/wp\/v2\/tags?post=15957"}],"curies":[{"name":"wp","href":"https:\/\/api.w.org\/{rel}","templated":true}]}}