{"id":15952,"date":"2020-09-19T15:29:35","date_gmt":"2020-09-19T18:29:35","guid":{"rendered":"https:\/\/blogs.correiobraziliense.com.br\/vicente\/?p=15952"},"modified":"2020-09-19T16:03:50","modified_gmt":"2020-09-19T19:03:50","slug":"para-mpf-peritos-do-inss-sao-castas-de-privilegiados-que-punem-os-mais-pobres","status":"publish","type":"post","link":"https:\/\/blogs.correiobraziliense.com.br\/vicente\/para-mpf-peritos-do-inss-sao-castas-de-privilegiados-que-punem-os-mais-pobres\/","title":{"rendered":"Para MPF, peritos do INSS s\u00e3o castas de privilegiados que punem os mais pobres"},"content":{"rendered":"<h2>O Minist\u00e9rio P\u00fablico Federal (MPF) usou argumentos fortes para convencer a <a href=\"https:\/\/blogs.correiobraziliense.com.br\/vicente\/ministerio-publico-federal-recorre-a-justica-para-volta-de-medicos-peritos-ao-trabalho\/\">Justi\u00e7a \u00e0 obrigar os m\u00e9dicos peritos<\/a> do Instituto Nacional do Seguro Social (INSS) a retornarem imediatamente ao trabalho. Esses profissionais est\u00e3o prejudicando mais de 700 mil trabalhadores, a maioria, de baixa renda.<\/h2>\n<p>&nbsp;<\/p>\n<p>Na vis\u00e3o dos promotores que movem a\u00e7\u00e3o civil p\u00fablica para a volta dos m\u00e9dicos peritos ao trabalho, esses servidores tornaram-se castas que punem os mais pobres. Os privil\u00e9gios s\u00e3o resultado da reestrutura\u00e7\u00e3o da carreira promovida pelo governo. Os m\u00e9dicos peritos, agora, est\u00e3o reunidos em uma subsecretaria vinculada ao Minist\u00e9rio da Economia.<\/p>\n<p>&nbsp;<\/p>\n<p>Por essa nova estrutura, os m\u00e9dicos peritos n\u00e3o est\u00e3o sujeitos mais \u00e0 carga hor\u00e1ria semanal como todos servidores p\u00fablicos, n\u00e3o tendo que assinar folha de frequ\u00eancia, bater ponto eletr\u00f4nico e cumprir carga hor\u00e1ria de 30 ou 40 horas semanais. Portanto, trabalham se quiserem e quando quiserem. &#8220;Com essa altera\u00e7\u00e3o, passaram a ser servidores da\u00a0administra\u00e7\u00e3o direta da Uni\u00e3o Federal e, pasmem, passaram a ser tratados como verdadeiros agentes pol\u00edticos&#8221;, ressaltam os promotores do Minist\u00e9rio P\u00fablico.<\/p>\n<p>&nbsp;<\/p>\n<p><strong>Trabalhadores jogados \u00e0 pr\u00f3pria sorte<\/strong><\/p>\n<p>&nbsp;<\/p>\n<p>Enquanto isso, os trabalhadores que dependem da per\u00edcia do INSS para receber, muitas vezes, a \u00fanica fonte de renda da fam\u00edlia passam horas dentro de \u00f4nibus para chegar aos postos de atendimento \u2014 isso, quando n\u00e3o dormem ao relento em frente \u00e0s ag\u00eancias \u2014 sem a garantia de que ser\u00e3o avaliados, como est\u00e1 acontecendo agora. Os m\u00e9dicos peritos n\u00e3o atenderam \u00e0 convoca\u00e7\u00e3o do INSS para o retorno ao trabalho.<\/p>\n<p>&nbsp;<\/p>\n<p>Diz mais do Minist\u00e9rio P\u00fablico Federal: &#8220;A extensa recusa dos m\u00e9dicos peritos vem causando\u00a0graves preju\u00edzos aos segurados da Previd\u00eancia Social e ao\u00a0sistema previdenci\u00e1rio nacional, como um todo, j\u00e1 que\u00a0atingiu, individualmente, milhares de indiv\u00edduos necessitados\u00a0de per\u00edcias consideradas de car\u00e1ter urgente e, por extens\u00e3o, desorganizou a estrutura de atendimento do INSS, que acumula\u00a0um passivo significativo de exames, que, para que seja\u00a0exaurido, demandar\u00e1 concentra\u00e7\u00e3o de esfor\u00e7os humanos e\u00a0materiais, que poderiam ser canalizados para outras demandas dos segurados&#8221;.<\/p>\n<p>&nbsp;<\/p>\n<p>Os m\u00e9dicos peritos alegam que o INSS n\u00e3o est\u00e1 oferecendo as condi\u00e7\u00f5es de seguran\u00e7a necess\u00e1rias para prote\u00e7\u00e3o durante a pandemia do novo coronav\u00edrus. Tanto o secret\u00e1rio especial de Previd\u00eancia e Trabalho, Bruno Bianco, quanto o presidente do INSS, Leonardo Rolim, garantem que tudo est\u00e1 dentro dos conformes. A a\u00e7\u00e3o p\u00fablica para o retorno dos m\u00e9dicos peritos aos trabalho corre na 2\u00aa Vara Federal C\u00edvel e Criminal de Uberaba (MG).<\/p>\n<p>&nbsp;<\/p>\n<p><em>Bras\u00edlia, 15h29min<\/em><\/p>\n","protected":false},"excerpt":{"rendered":"<p>O Minist\u00e9rio P\u00fablico Federal (MPF) usou argumentos fortes para convencer a Justi\u00e7a \u00e0 obrigar os m\u00e9dicos peritos do Instituto Nacional do Seguro Social (INSS) a retornarem imediatamente ao trabalho. Esses profissionais est\u00e3o prejudicando mais de 700 mil trabalhadores, a maioria, de baixa renda. &nbsp; Na vis\u00e3o dos promotores que movem a\u00e7\u00e3o civil p\u00fablica para a [&hellip;]<\/p>\n","protected":false},"author":22,"featured_media":9949,"comment_status":"open","ping_status":"closed","sticky":false,"template":"","format":"standard","meta":{"footnotes":""},"categories":[600],"tags":[589,4943,282,4949,579],"class_list":["post-15952","post","type-post","status-publish","format-standard","has-post-thumbnail","hentry","category-economia","tag-economia","tag-financas","tag-justica","tag-medicos-peritos-privilegiados-punem-mais-pobres","tag-saude"],"_links":{"self":[{"href":"https:\/\/blogs.correiobraziliense.com.br\/vicente\/wp-json\/wp\/v2\/posts\/15952","targetHints":{"allow":["GET"]}}],"collection":[{"href":"https:\/\/blogs.correiobraziliense.com.br\/vicente\/wp-json\/wp\/v2\/posts"}],"about":[{"href":"https:\/\/blogs.correiobraziliense.com.br\/vicente\/wp-json\/wp\/v2\/types\/post"}],"author":[{"embeddable":true,"href":"https:\/\/blogs.correiobraziliense.com.br\/vicente\/wp-json\/wp\/v2\/users\/22"}],"replies":[{"embeddable":true,"href":"https:\/\/blogs.correiobraziliense.com.br\/vicente\/wp-json\/wp\/v2\/comments?post=15952"}],"version-history":[{"count":3,"href":"https:\/\/blogs.correiobraziliense.com.br\/vicente\/wp-json\/wp\/v2\/posts\/15952\/revisions"}],"predecessor-version":[{"id":15955,"href":"https:\/\/blogs.correiobraziliense.com.br\/vicente\/wp-json\/wp\/v2\/posts\/15952\/revisions\/15955"}],"wp:featuredmedia":[{"embeddable":true,"href":"https:\/\/blogs.correiobraziliense.com.br\/vicente\/wp-json\/wp\/v2\/media\/9949"}],"wp:attachment":[{"href":"https:\/\/blogs.correiobraziliense.com.br\/vicente\/wp-json\/wp\/v2\/media?parent=15952"}],"wp:term":[{"taxonomy":"category","embeddable":true,"href":"https:\/\/blogs.correiobraziliense.com.br\/vicente\/wp-json\/wp\/v2\/categories?post=15952"},{"taxonomy":"post_tag","embeddable":true,"href":"https:\/\/blogs.correiobraziliense.com.br\/vicente\/wp-json\/wp\/v2\/tags?post=15952"}],"curies":[{"name":"wp","href":"https:\/\/api.w.org\/{rel}","templated":true}]}}