{"id":15950,"date":"2020-09-19T14:01:32","date_gmt":"2020-09-19T17:01:32","guid":{"rendered":"https:\/\/blogs.correiobraziliense.com.br\/vicente\/?p=15950"},"modified":"2020-09-19T14:27:45","modified_gmt":"2020-09-19T17:27:45","slug":"ministerio-publico-federal-recorre-a-justica-para-volta-de-medicos-peritos-ao-trabalho","status":"publish","type":"post","link":"https:\/\/blogs.correiobraziliense.com.br\/vicente\/ministerio-publico-federal-recorre-a-justica-para-volta-de-medicos-peritos-ao-trabalho\/","title":{"rendered":"Minist\u00e9rio P\u00fablico Federal recorre \u00e0 Justi\u00e7a para volta de m\u00e9dicos peritos ao trabalho"},"content":{"rendered":"<h2>O Minist\u00e9rio P\u00fablico Federal (MPF) entrou com a\u00e7\u00e3o p\u00fablica na 2\u00aa Vara Federal C\u00edvel e Criminal de Uberl\u00e2ndia exigindo o retorno imediato dos m\u00e9dicos peritos ao trabalho. Apesar da reabertura das ag\u00eancias do Instituto Nacional do Seguro Social (INSS), esses profissionais se recusam a atender a popula\u00e7\u00e3o.<\/h2>\n<p>&nbsp;<\/p>\n<p>Os mais prejudicados com a radicaliza\u00e7\u00e3o dos m\u00e9dicos peritos s\u00e3o os trabalhadores que est\u00e3o com processos de avalia\u00e7\u00e3o pendentes, a maioria, sem renda alguma. Segundo o INSS, s\u00e3o mais de 700 mil processos parados em todo o pa\u00eds. H\u00e1 relatos de desespero de quem precisa ser atendido.<\/p>\n<p>&nbsp;<\/p>\n<p>Os m\u00e9dicos peritos alegam que o INSS n\u00e3o est\u00e1 oferecendo as condi\u00e7\u00f5es necess\u00e1rias para que se protejam contra a pandemia do novo coronav\u00edrus. Mas, tanto o secret\u00e1rio especial de Trabalho e Previd\u00eancia, Bruno Bianco, quanto o presidente do INSS, Leonardo Rolim, garantem que todos os instrumentos de prote\u00e7\u00e3o foram oferecidos.<\/p>\n<p>&nbsp;<\/p>\n<p>A percep\u00e7\u00e3o entre os trabalhadores que dependem do INSS \u00e9 de que os m\u00e9dicos peritos est\u00e3o fazendo um movimento infundado, possivelmente, pol\u00edtico. N\u00e3o est\u00e3o se importando com as agruras de quem depende de per\u00edcia est\u00e1 passando. Os sal\u00e1rios dos m\u00e9dicos peritos est\u00e3o garantidos.<\/p>\n<p>&nbsp;<\/p>\n<p>Na a\u00e7\u00e3o movida pelo Minist\u00e9rio P\u00fablico Federal fica claro os abusos cometidos pelos m\u00e9dicos peritos contra a popula\u00e7\u00e3o. Os promotores reconhecem os riscos da pandemia da covid-19, mas os servidores muito bem pagos pelo INSS n\u00e3o s\u00e3o diferentes dos profissionais da \u00e1rea de sa\u00fade que est\u00e3o na linha de frente e pegaram o pior da crise provocada pelo novo coronav\u00edrus.<\/p>\n<p>&nbsp;<\/p>\n<p>Caso a Justi\u00e7a acate o pedido do Minist\u00e9rio P\u00fablico, os m\u00e9dicos peritos ter\u00e3o que voltar ao trabalho imediatamente. N\u00e3o \u00e9 poss\u00edvel, segundo os autores da a\u00e7\u00e3o, que os trabalhadores sejam submetidos \u00e0 tanta humilha\u00e7\u00e3o di\u00e1ria para ser atendidos. Muitos, por desespero, foram aos postos do INSS em busca de atendimento, mas tiveram que voltar para casa sem qualquer garantia de quando ter\u00e3o os problemas resolvidos.<\/p>\n<p>&nbsp;<\/p>\n<p><em>Bras\u00edlia, 14h01min<\/em><\/p>\n","protected":false},"excerpt":{"rendered":"<p>O Minist\u00e9rio P\u00fablico Federal (MPF) entrou com a\u00e7\u00e3o p\u00fablica na 2\u00aa Vara Federal C\u00edvel e Criminal de Uberl\u00e2ndia exigindo o retorno imediato dos m\u00e9dicos peritos ao trabalho. Apesar da reabertura das ag\u00eancias do Instituto Nacional do Seguro Social (INSS), esses profissionais se recusam a atender a popula\u00e7\u00e3o. &nbsp; Os mais prejudicados com a radicaliza\u00e7\u00e3o dos [&hellip;]<\/p>\n","protected":false},"author":22,"featured_media":11151,"comment_status":"open","ping_status":"closed","sticky":false,"template":"","format":"standard","meta":{"footnotes":""},"categories":[600],"tags":[589,282,4948,579],"class_list":["post-15950","post","type-post","status-publish","format-standard","has-post-thumbnail","hentry","category-economia","tag-economia","tag-justica","tag-mpf-pede-retorno-de-medicos-peritos","tag-saude"],"_links":{"self":[{"href":"https:\/\/blogs.correiobraziliense.com.br\/vicente\/wp-json\/wp\/v2\/posts\/15950","targetHints":{"allow":["GET"]}}],"collection":[{"href":"https:\/\/blogs.correiobraziliense.com.br\/vicente\/wp-json\/wp\/v2\/posts"}],"about":[{"href":"https:\/\/blogs.correiobraziliense.com.br\/vicente\/wp-json\/wp\/v2\/types\/post"}],"author":[{"embeddable":true,"href":"https:\/\/blogs.correiobraziliense.com.br\/vicente\/wp-json\/wp\/v2\/users\/22"}],"replies":[{"embeddable":true,"href":"https:\/\/blogs.correiobraziliense.com.br\/vicente\/wp-json\/wp\/v2\/comments?post=15950"}],"version-history":[{"count":1,"href":"https:\/\/blogs.correiobraziliense.com.br\/vicente\/wp-json\/wp\/v2\/posts\/15950\/revisions"}],"predecessor-version":[{"id":15951,"href":"https:\/\/blogs.correiobraziliense.com.br\/vicente\/wp-json\/wp\/v2\/posts\/15950\/revisions\/15951"}],"wp:featuredmedia":[{"embeddable":true,"href":"https:\/\/blogs.correiobraziliense.com.br\/vicente\/wp-json\/wp\/v2\/media\/11151"}],"wp:attachment":[{"href":"https:\/\/blogs.correiobraziliense.com.br\/vicente\/wp-json\/wp\/v2\/media?parent=15950"}],"wp:term":[{"taxonomy":"category","embeddable":true,"href":"https:\/\/blogs.correiobraziliense.com.br\/vicente\/wp-json\/wp\/v2\/categories?post=15950"},{"taxonomy":"post_tag","embeddable":true,"href":"https:\/\/blogs.correiobraziliense.com.br\/vicente\/wp-json\/wp\/v2\/tags?post=15950"}],"curies":[{"name":"wp","href":"https:\/\/api.w.org\/{rel}","templated":true}]}}