{"id":15947,"date":"2020-09-18T18:38:04","date_gmt":"2020-09-18T21:38:04","guid":{"rendered":"https:\/\/blogs.correiobraziliense.com.br\/vicente\/?p=15947"},"modified":"2020-09-18T18:38:14","modified_gmt":"2020-09-18T21:38:14","slug":"investidores-decidem-pagar-para-ver-ate-onde-vai-o-compromisso-de-bolsonaro-com-guedes","status":"publish","type":"post","link":"https:\/\/blogs.correiobraziliense.com.br\/vicente\/investidores-decidem-pagar-para-ver-ate-onde-vai-o-compromisso-de-bolsonaro-com-guedes\/","title":{"rendered":"Investidores decidem pagar para ver at\u00e9 onde vai o compromisso de Bolsonaro com Guedes"},"content":{"rendered":"<h2>A sexta-feira (18\/09) marcou o in\u00edcio de uma queda de bra\u00e7o dos investidores com o governo. Os donos do dinheiro querem saber at\u00e9 onde vai o compromisso do presidente Jair Bolsonaro com o ministro da Economia, Paulo Guedes, e, sobretudo, com o ajuste fiscal. Teme-se que o descontrole das contas p\u00fablicas continue depois de passada a pandemia do novo coronav\u00edrus.<\/h2>\n<p>&nbsp;<\/p>\n<p>A press\u00e3o dos investidores por uma postura mais clara de Bolsonaro veio por meio de uma forte queda da Bolsa de Valores de S\u00e3o Paulo (B3) e da disparada do d\u00f3lar e dos juros futuros. \u00c9 grande a desconfian\u00e7a quanto \u00e0 capacidade do governo de conter o deficit p\u00fablico e evitar uma explos\u00e3o da d\u00edvida p\u00fablica. O nervosismo \u00e9 tamanho que o Tesouro Nacional j\u00e1 enfrenta dificuldades para colocar t\u00edtulos da d\u00edvida no mercado.<\/p>\n<p>&nbsp;<\/p>\n<p>O d\u00f3lar encerrou a sexta-feira cotado a R$ 5,378 para venda, com alta de 2,83%. O Ibovespa, \u00edndice que mede a lucratividade das a\u00e7\u00f5es mais negociadas no preg\u00e3o paulista, desabou 1,81%, para os 98.290 pontos. A\u00a0taxa de juros do contrato de Dep\u00f3sito Interfinanceiro (DI) para janeiro de 2022 subiu de 2,82% para 2,97% ano. Nos contratos de janeiro de 2023, saltou de 4,14% para 4,38% anuais e, naqueles com vencimento em janeiro de 2025, passaram de 6,02% para 6,31%.<\/p>\n<p>&nbsp;<\/p>\n<p>Tamb\u00e9m come\u00e7a a incomodar o mercado uma postura um tanto leniente do Banco Central com as contas p\u00fablicas e a infla\u00e7\u00e3o, que come\u00e7ou a se assanhar. Os investidores consideraram o comunicado p\u00f3s-reuni\u00e3o do Comit\u00ea de Politica Monet\u00e1ria (Copom), na quarta-feira (16\/09), muito suave diante da gravidade das finan\u00e7as federais. A taxa b\u00e1sica de juros (Selic) foi mantida em 2% ao ano.<\/p>\n<p>&nbsp;<\/p>\n<p><strong>Bolsonaro s\u00f3 pensa na reelei\u00e7\u00e3o<\/strong><\/p>\n<p>&nbsp;<\/p>\n<p>Para os investidores, a percep\u00e7\u00e3o que se tem \u00e9 a de que Bolsonaro, de olho apenas na reelei\u00e7\u00e3o, est\u00e1 testando todos os limites de Guedes ao frit\u00e1-lo em pra\u00e7a p\u00fablica e ao exigir demiss\u00f5es na equipe econ\u00f4mica. Publicamente, o presidente diz que o ministro da Economia continua prestigiado. Nos bastidores, por\u00e9m, afirma que Guedes n\u00e3o est\u00e1 entregando nada do que prometeu e ainda cria constrangimentos ao governo com suas propostas.<\/p>\n<p>&nbsp;<\/p>\n<p>O mais recente entrevero de Bolsonaro com Guedes foi a proposta do secret\u00e1rio especial de Fazenda, Waldery Rodrigues, de congelar aposentadorias e pens\u00f5es para bancar o Renda Brasil, substituto do Bolsa Fam\u00edlia. O presidente sabia das propostas, mas, diante da rea\u00e7\u00e3o negativa, sobretudo entre as camadas mais pobres da popula\u00e7\u00e3o, que v\u00eam sustentando a popularidade do governo, ele decidiu jogar para a plateia.<\/p>\n<p>&nbsp;<\/p>\n<p>Os donos do dinheiro, contudo, n\u00e3o est\u00e3o mais dispostos a embarcar nas aventuras de Bolsonaro nem endossar a manipula\u00e7\u00e3o que ele faz dos fatos. O n\u00edvel do estresse come\u00e7ou a subir. E tal movimento s\u00f3 est\u00e1 no come\u00e7o.<\/p>\n<p>&nbsp;<\/p>\n<p><em>Bras\u00edlia, 17h53min<\/em><\/p>\n","protected":false},"excerpt":{"rendered":"<p>A sexta-feira (18\/09) marcou o in\u00edcio de uma queda de bra\u00e7o dos investidores com o governo. Os donos do dinheiro querem saber at\u00e9 onde vai o compromisso do presidente Jair Bolsonaro com o ministro da Economia, Paulo Guedes, e, sobretudo, com o ajuste fiscal. Teme-se que o descontrole das contas p\u00fablicas continue depois de passada [&hellip;]<\/p>\n","protected":false},"author":22,"featured_media":10314,"comment_status":"open","ping_status":"closed","sticky":false,"template":"","format":"standard","meta":{"footnotes":""},"categories":[600],"tags":[542,589,4943,467,4947],"class_list":["post-15947","post","type-post","status-publish","format-standard","has-post-thumbnail","hentry","category-economia","tag-contas-publicas","tag-economia","tag-financas","tag-governo","tag-paulo-guedes-e-bolsonaro"],"_links":{"self":[{"href":"https:\/\/blogs.correiobraziliense.com.br\/vicente\/wp-json\/wp\/v2\/posts\/15947","targetHints":{"allow":["GET"]}}],"collection":[{"href":"https:\/\/blogs.correiobraziliense.com.br\/vicente\/wp-json\/wp\/v2\/posts"}],"about":[{"href":"https:\/\/blogs.correiobraziliense.com.br\/vicente\/wp-json\/wp\/v2\/types\/post"}],"author":[{"embeddable":true,"href":"https:\/\/blogs.correiobraziliense.com.br\/vicente\/wp-json\/wp\/v2\/users\/22"}],"replies":[{"embeddable":true,"href":"https:\/\/blogs.correiobraziliense.com.br\/vicente\/wp-json\/wp\/v2\/comments?post=15947"}],"version-history":[{"count":1,"href":"https:\/\/blogs.correiobraziliense.com.br\/vicente\/wp-json\/wp\/v2\/posts\/15947\/revisions"}],"predecessor-version":[{"id":15948,"href":"https:\/\/blogs.correiobraziliense.com.br\/vicente\/wp-json\/wp\/v2\/posts\/15947\/revisions\/15948"}],"wp:featuredmedia":[{"embeddable":true,"href":"https:\/\/blogs.correiobraziliense.com.br\/vicente\/wp-json\/wp\/v2\/media\/10314"}],"wp:attachment":[{"href":"https:\/\/blogs.correiobraziliense.com.br\/vicente\/wp-json\/wp\/v2\/media?parent=15947"}],"wp:term":[{"taxonomy":"category","embeddable":true,"href":"https:\/\/blogs.correiobraziliense.com.br\/vicente\/wp-json\/wp\/v2\/categories?post=15947"},{"taxonomy":"post_tag","embeddable":true,"href":"https:\/\/blogs.correiobraziliense.com.br\/vicente\/wp-json\/wp\/v2\/tags?post=15947"}],"curies":[{"name":"wp","href":"https:\/\/api.w.org\/{rel}","templated":true}]}}