{"id":15939,"date":"2020-09-18T10:22:06","date_gmt":"2020-09-18T13:22:06","guid":{"rendered":"https:\/\/blogs.correiobraziliense.com.br\/vicente\/?p=15939"},"modified":"2020-09-18T12:43:38","modified_gmt":"2020-09-18T15:43:38","slug":"acredite-preco-da-gasolina-cai-ate-r-030-e-litro-pode-sair-por-r-3949-no-app","status":"publish","type":"post","link":"https:\/\/blogs.correiobraziliense.com.br\/vicente\/acredite-preco-da-gasolina-cai-ate-r-030-e-litro-pode-sair-por-r-3949-no-app\/","title":{"rendered":"Acredite: pre\u00e7o da gasolina cai at\u00e9 R$ 0,30 e litro pode sair por R$ 3,949 no APP"},"content":{"rendered":"<h2>A sexta-feira (18\/09) chegou com gasolina mais barata. Levantamento feito pelo <strong>Blog<\/strong> mostra que a queda no pre\u00e7o do litro do combust\u00edvel variou entre R$ 0,05 e R$ 0,30. Portanto, uma boa pesquisa resultar\u00e1 em economia expressiva na hora de encher o tanque.<\/h2>\n<p>&nbsp;<\/p>\n<p>A queda de pre\u00e7o mais expressiva foi observada no Setor de Ind\u00fastrias Gr\u00e1ficas (SIG). O litro recuou de R$ 4,589 para R$ 4,289. No Setor de Ind\u00fastria e Abastecimento (SIA), o pre\u00e7o na bomba baixou de R$ 4,199 para R$ R$ 4,099. Em \u00c1guas Claras, o litro est\u00e1, na m\u00e9dia, em R$ 4,099, mas, no APP, fica em R$ 3,949.<\/p>\n<p>&nbsp;<\/p>\n<p>Segundo gerentes de postos, esse pre\u00e7os devem perdurar ao longo do fim de semana. H\u00e1 uma orienta\u00e7\u00e3o nesse sentido. Ele ressaltam que, aos poucos, os postos est\u00e3o repassando aos consumidores as recentes redu\u00e7\u00f5es de pre\u00e7os nas refinarias.<\/p>\n<p>&nbsp;<\/p>\n<p>Para Pedro Albuquerque, 35 anos, motorista de aplicativo, se n\u00e3o houver nenhuma surpresa no meio do caminho, ser\u00e1 poss\u00edvel dar uma boa economizada nos pr\u00f3ximos dias e aumentar os lucros, que est\u00e3o muito prejudicados pela carestia da gasolina.<\/p>\n<p>&nbsp;<\/p>\n<p>&#8220;N\u00e3o h\u00e1 d\u00favidas de que foi uma boa not\u00edcia chegar ao posto para abastecer e encontrar gasolina mais barata&#8221;, afirma Albuquerque. Segundo ele, as corridas por aplicativos ainda est\u00e3o longe de voltar aos n\u00edveis p\u00f3s-pandemia. &#8220;As pessoas ainda est\u00e3o com medo da pandemia&#8221;, ressalta.<\/p>\n<p>&nbsp;<\/p>\n<p>Mas ele est\u00e1 confiante. &#8220;Aos poucos, tudo voltar\u00e1 ao normal. Contudo,\u00e9 importante que ocorra com seguran\u00e7a. Assim como os passageiros n\u00e3o querem pegar covid-19, n\u00f3s, tamb\u00e9m n\u00e3o.&#8221;<\/p>\n<p>&nbsp;<\/p>\n<p><em>Bras\u00edlia, 10h22min<\/em><\/p>\n","protected":false},"excerpt":{"rendered":"<p>A sexta-feira (18\/09) chegou com gasolina mais barata. Levantamento feito pelo Blog mostra que a queda no pre\u00e7o do litro do combust\u00edvel variou entre R$ 0,05 e R$ 0,30. Portanto, uma boa pesquisa resultar\u00e1 em economia expressiva na hora de encher o tanque. &nbsp; A queda de pre\u00e7o mais expressiva foi observada no Setor de [&hellip;]<\/p>\n","protected":false},"author":22,"featured_media":12528,"comment_status":"open","ping_status":"closed","sticky":false,"template":"","format":"standard","meta":{"footnotes":""},"categories":[600],"tags":[589,4943,4944],"class_list":["post-15939","post","type-post","status-publish","format-standard","has-post-thumbnail","hentry","category-economia","tag-economia","tag-financas","tag-preco-da-gasolina-cai"],"_links":{"self":[{"href":"https:\/\/blogs.correiobraziliense.com.br\/vicente\/wp-json\/wp\/v2\/posts\/15939","targetHints":{"allow":["GET"]}}],"collection":[{"href":"https:\/\/blogs.correiobraziliense.com.br\/vicente\/wp-json\/wp\/v2\/posts"}],"about":[{"href":"https:\/\/blogs.correiobraziliense.com.br\/vicente\/wp-json\/wp\/v2\/types\/post"}],"author":[{"embeddable":true,"href":"https:\/\/blogs.correiobraziliense.com.br\/vicente\/wp-json\/wp\/v2\/users\/22"}],"replies":[{"embeddable":true,"href":"https:\/\/blogs.correiobraziliense.com.br\/vicente\/wp-json\/wp\/v2\/comments?post=15939"}],"version-history":[{"count":1,"href":"https:\/\/blogs.correiobraziliense.com.br\/vicente\/wp-json\/wp\/v2\/posts\/15939\/revisions"}],"predecessor-version":[{"id":15940,"href":"https:\/\/blogs.correiobraziliense.com.br\/vicente\/wp-json\/wp\/v2\/posts\/15939\/revisions\/15940"}],"wp:featuredmedia":[{"embeddable":true,"href":"https:\/\/blogs.correiobraziliense.com.br\/vicente\/wp-json\/wp\/v2\/media\/12528"}],"wp:attachment":[{"href":"https:\/\/blogs.correiobraziliense.com.br\/vicente\/wp-json\/wp\/v2\/media?parent=15939"}],"wp:term":[{"taxonomy":"category","embeddable":true,"href":"https:\/\/blogs.correiobraziliense.com.br\/vicente\/wp-json\/wp\/v2\/categories?post=15939"},{"taxonomy":"post_tag","embeddable":true,"href":"https:\/\/blogs.correiobraziliense.com.br\/vicente\/wp-json\/wp\/v2\/tags?post=15939"}],"curies":[{"name":"wp","href":"https:\/\/api.w.org\/{rel}","templated":true}]}}