{"id":15937,"date":"2020-09-17T21:31:17","date_gmt":"2020-09-18T00:31:17","guid":{"rendered":"https:\/\/blogs.correiobraziliense.com.br\/vicente\/?p=15937"},"modified":"2020-09-17T22:09:18","modified_gmt":"2020-09-18T01:09:18","slug":"posse-de-andre-brandao-no-banco-do-brasil-so-depende-agora-de-bolsonaro","status":"publish","type":"post","link":"https:\/\/blogs.correiobraziliense.com.br\/vicente\/posse-de-andre-brandao-no-banco-do-brasil-so-depende-agora-de-bolsonaro\/","title":{"rendered":"Posse de Andr\u00e9 Brand\u00e3o no Banco do Brasil s\u00f3 depende agora de Bolsonaro"},"content":{"rendered":"<h2>Est\u00e1 quase tudo pronto para a <a href=\"https:\/\/blogs.correiobraziliense.com.br\/vicente\/posse-de-andre-brandao-no-banco-do-brasil-deve-ocorrer-ate-o-fim-de-setembro\/\">posse de Andr\u00e9 Brand\u00e3o<\/a> na presid\u00eancia do Banco do Brasil. O passo mais importante depende do presidente Jair Bolsonaro, que, por lei, deve publicar um decreto nomeando o executivo para o comando da institui\u00e7\u00e3o.<\/h2>\n<p>&nbsp;<\/p>\n<p>Quem acompanha o processo da nomea\u00e7\u00e3o do BB garante que o tr\u00e2mite de an\u00e1lise do nome do executivo pelo banco, pelo Minist\u00e9rio da Economia e pela Casa Civil est\u00e1 muito pr\u00f3ximo do fim. Conclu\u00edda essa fase, Bolsonaro pode liberar o decreto.<\/p>\n<p>&nbsp;<\/p>\n<p>Depois da nomea\u00e7\u00e3o, o Conselho de Administra\u00e7\u00e3o do Banco do Brasil ficar\u00e1 apto a dar posse ao executivo, que deixou uma diretoria do HSBC nos Estados Unidos. Est\u00e1 prevista uma reuni\u00e3o do Conselho de Administra\u00e7\u00e3o do BB nesta sexta-feira (18\/09), mas o tema n\u00e3o est\u00e1 na pauta.<\/p>\n<p>&nbsp;<\/p>\n<p><a href=\"https:\/\/blogs.correiobraziliense.com.br\/vicente\/mesmo-sem-tomar-posse-andre-brandao-ja-da-as-cartas-no-banco-do-brasil\/\">Mesmo sem tomar posse, Brand\u00e3o j\u00e1 vem conversando com executivos do Banco do Brasil<\/a> para tomar ci\u00eancia de como est\u00e1 a institui\u00e7\u00e3o, que toca projetos estrat\u00e9gicos para seu futuro. Com as mudan\u00e7as no sistema financeiro promovidas pelo Banco Central, a competi\u00e7\u00e3o no mercado vai se agigantar.<\/p>\n<p>&nbsp;<\/p>\n<p>Apesar de, tecnologicamente, ser muito avan\u00e7ado, o BB sofre com as amarras da lei das licita\u00e7\u00f5es. Contudo, Brand\u00e3o acredita que h\u00e1 uma ampla avenida para o banco percorrer. O Banco do Brasil tem investimentos previstos de R$ 2,3 bilh\u00f5es em inova\u00e7\u00e3o.<\/p>\n<p>&nbsp;<\/p>\n<p><em>Bras\u00edlia, 21h31min<\/em><\/p>\n","protected":false},"excerpt":{"rendered":"<p>Est\u00e1 quase tudo pronto para a posse de Andr\u00e9 Brand\u00e3o na presid\u00eancia do Banco do Brasil. O passo mais importante depende do presidente Jair Bolsonaro, que, por lei, deve publicar um decreto nomeando o executivo para o comando da institui\u00e7\u00e3o. &nbsp; Quem acompanha o processo da nomea\u00e7\u00e3o do BB garante que o tr\u00e2mite de an\u00e1lise [&hellip;]<\/p>\n","protected":false},"author":22,"featured_media":11457,"comment_status":"open","ping_status":"closed","sticky":false,"template":"","format":"standard","meta":{"footnotes":""},"categories":[600],"tags":[4789,229,2554,2371,2290],"class_list":["post-15937","post","type-post","status-publish","format-standard","has-post-thumbnail","hentry","category-economia","tag-andre-brandao","tag-banco-do-brasil","tag-bolsonaro","tag-decreto","tag-posse"],"_links":{"self":[{"href":"https:\/\/blogs.correiobraziliense.com.br\/vicente\/wp-json\/wp\/v2\/posts\/15937","targetHints":{"allow":["GET"]}}],"collection":[{"href":"https:\/\/blogs.correiobraziliense.com.br\/vicente\/wp-json\/wp\/v2\/posts"}],"about":[{"href":"https:\/\/blogs.correiobraziliense.com.br\/vicente\/wp-json\/wp\/v2\/types\/post"}],"author":[{"embeddable":true,"href":"https:\/\/blogs.correiobraziliense.com.br\/vicente\/wp-json\/wp\/v2\/users\/22"}],"replies":[{"embeddable":true,"href":"https:\/\/blogs.correiobraziliense.com.br\/vicente\/wp-json\/wp\/v2\/comments?post=15937"}],"version-history":[{"count":1,"href":"https:\/\/blogs.correiobraziliense.com.br\/vicente\/wp-json\/wp\/v2\/posts\/15937\/revisions"}],"predecessor-version":[{"id":15938,"href":"https:\/\/blogs.correiobraziliense.com.br\/vicente\/wp-json\/wp\/v2\/posts\/15937\/revisions\/15938"}],"wp:featuredmedia":[{"embeddable":true,"href":"https:\/\/blogs.correiobraziliense.com.br\/vicente\/wp-json\/wp\/v2\/media\/11457"}],"wp:attachment":[{"href":"https:\/\/blogs.correiobraziliense.com.br\/vicente\/wp-json\/wp\/v2\/media?parent=15937"}],"wp:term":[{"taxonomy":"category","embeddable":true,"href":"https:\/\/blogs.correiobraziliense.com.br\/vicente\/wp-json\/wp\/v2\/categories?post=15937"},{"taxonomy":"post_tag","embeddable":true,"href":"https:\/\/blogs.correiobraziliense.com.br\/vicente\/wp-json\/wp\/v2\/tags?post=15937"}],"curies":[{"name":"wp","href":"https:\/\/api.w.org\/{rel}","templated":true}]}}