{"id":15935,"date":"2020-09-17T18:25:08","date_gmt":"2020-09-17T21:25:08","guid":{"rendered":"https:\/\/blogs.correiobraziliense.com.br\/vicente\/?p=15935"},"modified":"2020-09-17T19:19:44","modified_gmt":"2020-09-17T22:19:44","slug":"paulo-guedes-tornou-se-um-estorvo-util-para-bolsonaro","status":"publish","type":"post","link":"https:\/\/blogs.correiobraziliense.com.br\/vicente\/paulo-guedes-tornou-se-um-estorvo-util-para-bolsonaro\/","title":{"rendered":"Paulo Guedes tornou-se um estorvo \u00fatil para Bolsonaro"},"content":{"rendered":"<h2>A vis\u00e3o no Pal\u00e1cio do Planalto sobre o ministro da Economia, Paulo Guedes, \u00e9 clara: ele tornou-se um estorvo \u00fatil para o presidente Jair Bolsonaro. Perdeu for\u00e7a, mas continua sendo um alicerce importante para o governo manter apoio junto ao mercado financeiro.<\/h2>\n<p>&nbsp;<\/p>\n<p>Para assessores de Bolsonaro, est\u00e1 cada vez mais claro que <a href=\"https:\/\/blogs.correiobraziliense.com.br\/vicente\/nunca-vi-bolsonaro-tao-irritado-com-a-equipe-economica-diz-um-ministro\/\">as a\u00e7\u00f5es do ministro da Economia<\/a> est\u00e3o se encaixando cada vez menos no governo. N\u00e3o por acaso, abriu-se um fosso de ru\u00eddos entre o Pal\u00e1cio do Planalto e a equipe econ\u00f4mica.<\/p>\n<p>&nbsp;<\/p>\n<p>&#8220;Algu\u00e9m pode dizer alguma not\u00edcia boa para o governo que tenha sa\u00eddo do Minist\u00e9rio da Economia mais recentemente?, indaga um dos assessores mais pr\u00f3ximos do presidente da Rep\u00fablica. &#8220;Pelo contr\u00e1rio, tudo o que est\u00e1 saindo da <a href=\"https:\/\/blogs.correiobraziliense.com.br\/vicente\/a-fixacao-do-ministerio-de-paulo-guedes-em-tirar-beneficios-dos-mais-pobres\/\">equipe econ\u00f4mica vem criando problemas para Bolsonaro<\/a>&#8220;, acrescenta.<\/p>\n<p>&nbsp;<\/p>\n<p>Problemas, segundo esse assessor, que se resumem a pol\u00eamicas criadas junto ao p\u00fablico de mais baixa renda, justamente aquele que o presidente mais conta para elevar sua popularidade. &#8220;Pesquisas internas do Planalto apontam que disparou a aprova\u00e7\u00e3o do governo entre aqueles que ganham at\u00e9 2,5 sal\u00e1rios m\u00ednimos&#8221;, frisa.<\/p>\n<p>&nbsp;<\/p>\n<p><strong>Apoio a Bolsonaro, mas com ressalvas<\/strong><\/p>\n<p>&nbsp;<\/p>\n<p>As pesquisas internas indicam, por\u00e9m, algumas ressalvas: o apoio desse p\u00fablico a Bolsonaro n\u00e3o \u00e9 consolidado. H\u00e1 uma certa desconfian\u00e7a ainda em rela\u00e7\u00e3o ao presidente. &#8220;Portanto, quando surgem not\u00edcias de que o governo quer prejudicar os mais pobres, acabar com a corre\u00e7\u00e3o do sal\u00e1rio m\u00ednimo, congelar as aposentadorias, o presidente reage&#8221;, assinala o assessor.<\/p>\n<p>&nbsp;<\/p>\n<p>Bolsonaro n\u00e3o pensa em outra coisa que n\u00e3o seja a reelei\u00e7\u00e3o. Portanto, reconhecem auxiliares, ele montou uma estrat\u00e9gia pol\u00edtica que muitos dizem ser confusa, mas que conversa muito com os menos escolarizados e os mais pobres. O presidente manipula a opini\u00e3o p\u00fablica.<\/p>\n<p>&nbsp;<\/p>\n<p>Nessa manipula\u00e7\u00e3o, vale, inclusive, enfraquecer Guedes publicamente, critic\u00e1-lo em pra\u00e7a p\u00fablica, dar cart\u00e3o vermelho a integrantes da equipe dele. Ao mesmo tempo, o presidente passa a m\u00e3o da cabe\u00e7a do Posto Ipiranga, indicando a investidores e empres\u00e1rios que ap\u00f3ia a pol\u00edtica liberal do ministro da Economia.<\/p>\n<p>&nbsp;<\/p>\n<p>A <a href=\"https:\/\/blogs.correiobraziliense.com.br\/vicente\/no-ministerio-da-economia-clima-e-de-muita-tensao-e-de-medo-de-demissoes\/\">pergunta que mais incomoda os assessores pr\u00f3ximos a Guedes<\/a> \u00e9: at\u00e9 quando ele est\u00e1 disposto a ser o estorvo \u00fatil para Bolsonaro. Quem conhece o ministro sabe que ele tem o ego elevado, mas, por enquanto, est\u00e1 aceitando a fritura sem reclamar.<\/p>\n<p>&nbsp;<\/p>\n<p><em>Bras\u00edlia, 18h25min<\/em><\/p>\n","protected":false},"excerpt":{"rendered":"<p>A vis\u00e3o no Pal\u00e1cio do Planalto sobre o ministro da Economia, Paulo Guedes, \u00e9 clara: ele tornou-se um estorvo \u00fatil para o presidente Jair Bolsonaro. Perdeu for\u00e7a, mas continua sendo um alicerce importante para o governo manter apoio junto ao mercado financeiro. &nbsp; Para assessores de Bolsonaro, est\u00e1 cada vez mais claro que as a\u00e7\u00f5es [&hellip;]<\/p>\n","protected":false},"author":22,"featured_media":15307,"comment_status":"open","ping_status":"closed","sticky":false,"template":"","format":"standard","meta":{"footnotes":""},"categories":[600],"tags":[3315,2554,360,4942,3616,1152],"class_list":["post-15935","post","type-post","status-publish","format-standard","has-post-thumbnail","hentry","category-economia","tag-aposentadorias","tag-bolsonaro","tag-equipe-economica","tag-estorvo-util","tag-guedes","tag-salario-minimo"],"_links":{"self":[{"href":"https:\/\/blogs.correiobraziliense.com.br\/vicente\/wp-json\/wp\/v2\/posts\/15935","targetHints":{"allow":["GET"]}}],"collection":[{"href":"https:\/\/blogs.correiobraziliense.com.br\/vicente\/wp-json\/wp\/v2\/posts"}],"about":[{"href":"https:\/\/blogs.correiobraziliense.com.br\/vicente\/wp-json\/wp\/v2\/types\/post"}],"author":[{"embeddable":true,"href":"https:\/\/blogs.correiobraziliense.com.br\/vicente\/wp-json\/wp\/v2\/users\/22"}],"replies":[{"embeddable":true,"href":"https:\/\/blogs.correiobraziliense.com.br\/vicente\/wp-json\/wp\/v2\/comments?post=15935"}],"version-history":[{"count":1,"href":"https:\/\/blogs.correiobraziliense.com.br\/vicente\/wp-json\/wp\/v2\/posts\/15935\/revisions"}],"predecessor-version":[{"id":15936,"href":"https:\/\/blogs.correiobraziliense.com.br\/vicente\/wp-json\/wp\/v2\/posts\/15935\/revisions\/15936"}],"wp:featuredmedia":[{"embeddable":true,"href":"https:\/\/blogs.correiobraziliense.com.br\/vicente\/wp-json\/wp\/v2\/media\/15307"}],"wp:attachment":[{"href":"https:\/\/blogs.correiobraziliense.com.br\/vicente\/wp-json\/wp\/v2\/media?parent=15935"}],"wp:term":[{"taxonomy":"category","embeddable":true,"href":"https:\/\/blogs.correiobraziliense.com.br\/vicente\/wp-json\/wp\/v2\/categories?post=15935"},{"taxonomy":"post_tag","embeddable":true,"href":"https:\/\/blogs.correiobraziliense.com.br\/vicente\/wp-json\/wp\/v2\/tags?post=15935"}],"curies":[{"name":"wp","href":"https:\/\/api.w.org\/{rel}","templated":true}]}}