{"id":1590,"date":"2016-06-23T11:10:06","date_gmt":"2016-06-23T14:10:06","guid":{"rendered":"https:\/\/blogs.correiobraziliense.com.br\/vicente\/?p=1590"},"modified":"2016-06-23T12:07:06","modified_gmt":"2016-06-23T15:07:06","slug":"paralisacao-no-itamaraty-contra-corte-de-beneficios-se-espalha-pelo-mundo","status":"publish","type":"post","link":"https:\/\/blogs.correiobraziliense.com.br\/vicente\/paralisacao-no-itamaraty-contra-corte-de-beneficios-se-espalha-pelo-mundo\/","title":{"rendered":"Paralisa\u00e7\u00e3o no Itamaraty contra corte de benef\u00edcios se espalha pelo mundo"},"content":{"rendered":"<p>O engajamento de servidores do Itamaraty \u00e0 paralisa\u00e7\u00e3o contra a retirada da Indeniza\u00e7\u00e3o de Representa\u00e7\u00e3o no Exterior (Irex) do 13\u00ba sal\u00e1rio e das f\u00e9rias, o que resultar\u00e1 em redu\u00e7\u00e3o de 40% nessas remunera\u00e7\u00f5es, foi enorme e despertou a preocupa\u00e7\u00e3o do ministro das Rela\u00e7\u00f5es Exteriores, Jos\u00e9 Serra. H\u00e1 o temor de que uma greve prolongada seja colocada em pr\u00e1tica, paralisando as atividades de todas as representadores do Brasil mundo afora.<\/p>\n<p>&nbsp;<\/p>\n<p><a href=\"https:\/\/blogs.correiobraziliense.com.br\/vicente\/wp-content\/uploads\/sites\/16\/2016\/06\/ItamaratyBarcelona.jpg\" rel=\"attachment wp-att-1591\"><img loading=\"lazy\" decoding=\"async\" class=\"alignnone wp-image-1591\" src=\"https:\/\/blogs.correiobraziliense.com.br\/vicente\/wp-content\/uploads\/sites\/16\/2016\/06\/ItamaratyBarcelona-300x225.jpg\" alt=\"ItamaratyBarcelona\" width=\"499\" height=\"374\" srcset=\"https:\/\/blogs.correiobraziliense.com.br\/vicente\/wp-content\/uploads\/sites\/16\/2016\/06\/ItamaratyBarcelona-300x225.jpg 300w, https:\/\/blogs.correiobraziliense.com.br\/vicente\/wp-content\/uploads\/sites\/16\/2016\/06\/ItamaratyBarcelona-768x576.jpg 768w, https:\/\/blogs.correiobraziliense.com.br\/vicente\/wp-content\/uploads\/sites\/16\/2016\/06\/ItamaratyBarcelona-1024x768.jpg 1024w, https:\/\/blogs.correiobraziliense.com.br\/vicente\/wp-content\/uploads\/sites\/16\/2016\/06\/ItamaratyBarcelona-350x262.jpg 350w, https:\/\/blogs.correiobraziliense.com.br\/vicente\/wp-content\/uploads\/sites\/16\/2016\/06\/ItamaratyBarcelona-550x412.jpg 550w, https:\/\/blogs.correiobraziliense.com.br\/vicente\/wp-content\/uploads\/sites\/16\/2016\/06\/ItamaratyBarcelona-230x172.jpg 230w, https:\/\/blogs.correiobraziliense.com.br\/vicente\/wp-content\/uploads\/sites\/16\/2016\/06\/ItamaratyBarcelona.jpg 1334w\" sizes=\"auto, (max-width: 499px) 100vw, 499px\" \/><\/a><\/p>\n<p>Foto do Consulado de Barcelona<\/p>\n<p>&nbsp;<\/p>\n<p>Houve manifesta\u00e7\u00f5es, entre outras, nas representa\u00e7\u00f5es de Kuala Lumpur, T\u00f3quio, Beirute, Barcelona,T\u00fanis, Bucareste, Cidade do Cabo, Abu Dabi, Teer\u00e3, Helsinki, Pequim, Copenhagen, Praga, Paris, Harare, Han\u00f3i, Porto, Estocolmo, Jacarta e Nova York. Tamb\u00e9m o atendimento do escrit\u00f3rio do Itamaraty em S\u00e3o Paulo parou os atendimentos. S\u00e3o mais de 300 por dia. Houve muitos questionamentos por parte do p\u00fablico, que foi obrigado a voltar para a casa de m\u00e3os abanando.<\/p>\n<p>&nbsp;<\/p>\n<p><a href=\"https:\/\/blogs.correiobraziliense.com.br\/vicente\/wp-content\/uploads\/sites\/16\/2016\/06\/ItamaratyNY.jpg\" rel=\"attachment wp-att-1592\"><img loading=\"lazy\" decoding=\"async\" class=\"alignnone wp-image-1592\" src=\"https:\/\/blogs.correiobraziliense.com.br\/vicente\/wp-content\/uploads\/sites\/16\/2016\/06\/ItamaratyNY-300x168.jpg\" alt=\"ItamaratyNY\" width=\"502\" height=\"281\" srcset=\"https:\/\/blogs.correiobraziliense.com.br\/vicente\/wp-content\/uploads\/sites\/16\/2016\/06\/ItamaratyNY-300x168.jpg 300w, https:\/\/blogs.correiobraziliense.com.br\/vicente\/wp-content\/uploads\/sites\/16\/2016\/06\/ItamaratyNY-768x431.jpg 768w, https:\/\/blogs.correiobraziliense.com.br\/vicente\/wp-content\/uploads\/sites\/16\/2016\/06\/ItamaratyNY-350x197.jpg 350w, https:\/\/blogs.correiobraziliense.com.br\/vicente\/wp-content\/uploads\/sites\/16\/2016\/06\/ItamaratyNY-550x309.jpg 550w, https:\/\/blogs.correiobraziliense.com.br\/vicente\/wp-content\/uploads\/sites\/16\/2016\/06\/ItamaratyNY-230x129.jpg 230w, https:\/\/blogs.correiobraziliense.com.br\/vicente\/wp-content\/uploads\/sites\/16\/2016\/06\/ItamaratyNY.jpg 960w\" sizes=\"auto, (max-width: 502px) 100vw, 502px\" \/><\/a><\/p>\n<p>Escrit\u00f3rio Financeiro em Nova York<\/p>\n<p>&nbsp;<\/p>\n<p>O governo, por\u00e9m, est\u00e1 irredut\u00edvel em rela\u00e7\u00e3o ao fim da incorpora\u00e7\u00e3o da Irex ao 13\u00ba sal\u00e1rio e \u00e0s f\u00e9rias. O ministro interino do Planejamento, Dyogo de Oliveira, j\u00e1 avisou que a decis\u00e3o est\u00e1 tomada e n\u00e3o ser\u00e1 revertida. Muitos servidores culpam o Itamaraty de omiss\u00e3o.<\/p>\n<p>&nbsp;<\/p>\n<p><a href=\"https:\/\/blogs.correiobraziliense.com.br\/vicente\/wp-content\/uploads\/sites\/16\/2016\/06\/ItamaratyCopenhagen.jpg\" rel=\"attachment wp-att-1593\"><img loading=\"lazy\" decoding=\"async\" class=\"alignnone wp-image-1593\" src=\"https:\/\/blogs.correiobraziliense.com.br\/vicente\/wp-content\/uploads\/sites\/16\/2016\/06\/ItamaratyCopenhagen-300x150.jpg\" alt=\"ItamaratyCopenhagen\" width=\"508\" height=\"254\" srcset=\"https:\/\/blogs.correiobraziliense.com.br\/vicente\/wp-content\/uploads\/sites\/16\/2016\/06\/ItamaratyCopenhagen-300x150.jpg 300w, https:\/\/blogs.correiobraziliense.com.br\/vicente\/wp-content\/uploads\/sites\/16\/2016\/06\/ItamaratyCopenhagen-350x175.jpg 350w, https:\/\/blogs.correiobraziliense.com.br\/vicente\/wp-content\/uploads\/sites\/16\/2016\/06\/ItamaratyCopenhagen-550x276.jpg 550w, https:\/\/blogs.correiobraziliense.com.br\/vicente\/wp-content\/uploads\/sites\/16\/2016\/06\/ItamaratyCopenhagen-230x115.jpg 230w, https:\/\/blogs.correiobraziliense.com.br\/vicente\/wp-content\/uploads\/sites\/16\/2016\/06\/ItamaratyCopenhagen.jpg 720w\" sizes=\"auto, (max-width: 508px) 100vw, 508px\" \/><\/a><\/p>\n<p>Embaixada em Copenhagen.<\/p>\n<p>&nbsp;<\/p>\n<p>Em Bras\u00edlia, as manifesta\u00e7\u00f5es est\u00e3o marcadas para as 16h de hoje. O ministro Jos\u00e9 Serra j\u00e1 pediu refor\u00e7o para seguran\u00e7a, temendo tumulto.<\/p>\n<p>&nbsp;<\/p>\n<p><a href=\"https:\/\/blogs.correiobraziliense.com.br\/vicente\/wp-content\/uploads\/sites\/16\/2016\/06\/ItamaratyHongKong.jpg\" rel=\"attachment wp-att-1596\"><img loading=\"lazy\" decoding=\"async\" class=\"alignnone wp-image-1596\" src=\"https:\/\/blogs.correiobraziliense.com.br\/vicente\/wp-content\/uploads\/sites\/16\/2016\/06\/ItamaratyHongKong-300x225.jpg\" alt=\"ItamaratyHongKong\" width=\"491\" height=\"368\" srcset=\"https:\/\/blogs.correiobraziliense.com.br\/vicente\/wp-content\/uploads\/sites\/16\/2016\/06\/ItamaratyHongKong-300x225.jpg 300w, https:\/\/blogs.correiobraziliense.com.br\/vicente\/wp-content\/uploads\/sites\/16\/2016\/06\/ItamaratyHongKong-350x263.jpg 350w, https:\/\/blogs.correiobraziliense.com.br\/vicente\/wp-content\/uploads\/sites\/16\/2016\/06\/ItamaratyHongKong-550x413.jpg 550w, https:\/\/blogs.correiobraziliense.com.br\/vicente\/wp-content\/uploads\/sites\/16\/2016\/06\/ItamaratyHongKong-230x173.jpg 230w, https:\/\/blogs.correiobraziliense.com.br\/vicente\/wp-content\/uploads\/sites\/16\/2016\/06\/ItamaratyHongKong.jpg 720w\" sizes=\"auto, (max-width: 491px) 100vw, 491px\" \/><\/a><\/p>\n<p>Consulado de Hong Kong<\/p>\n<p><em>Bras\u00edlia, 11h10min<\/em><\/p>\n","protected":false},"excerpt":{"rendered":"<p>O engajamento de servidores do Itamaraty \u00e0 paralisa\u00e7\u00e3o contra a retirada da Indeniza\u00e7\u00e3o de Representa\u00e7\u00e3o no Exterior (Irex) do 13\u00ba sal\u00e1rio e das f\u00e9rias, o que resultar\u00e1 em redu\u00e7\u00e3o de 40% nessas remunera\u00e7\u00f5es, foi enorme e despertou a preocupa\u00e7\u00e3o do ministro das Rela\u00e7\u00f5es Exteriores, Jos\u00e9 Serra. H\u00e1 o temor de que uma greve prolongada seja [&hellip;]<\/p>\n","protected":false},"author":22,"featured_media":0,"comment_status":"open","ping_status":"closed","sticky":false,"template":"","format":"standard","meta":{"footnotes":""},"categories":[1],"tags":[354,357,359,355,356,331,329,358,353],"class_list":["post-1590","post","type-post","status-publish","format-standard","hentry","category-sem-categoria","tag-13o-salario","tag-barcelona","tag-copenhagen","tag-ferias","tag-hong-kong","tag-irex","tag-itamaraty","tag-nova-york","tag-paralisacao"],"_links":{"self":[{"href":"https:\/\/blogs.correiobraziliense.com.br\/vicente\/wp-json\/wp\/v2\/posts\/1590","targetHints":{"allow":["GET"]}}],"collection":[{"href":"https:\/\/blogs.correiobraziliense.com.br\/vicente\/wp-json\/wp\/v2\/posts"}],"about":[{"href":"https:\/\/blogs.correiobraziliense.com.br\/vicente\/wp-json\/wp\/v2\/types\/post"}],"author":[{"embeddable":true,"href":"https:\/\/blogs.correiobraziliense.com.br\/vicente\/wp-json\/wp\/v2\/users\/22"}],"replies":[{"embeddable":true,"href":"https:\/\/blogs.correiobraziliense.com.br\/vicente\/wp-json\/wp\/v2\/comments?post=1590"}],"version-history":[{"count":3,"href":"https:\/\/blogs.correiobraziliense.com.br\/vicente\/wp-json\/wp\/v2\/posts\/1590\/revisions"}],"predecessor-version":[{"id":1597,"href":"https:\/\/blogs.correiobraziliense.com.br\/vicente\/wp-json\/wp\/v2\/posts\/1590\/revisions\/1597"}],"wp:attachment":[{"href":"https:\/\/blogs.correiobraziliense.com.br\/vicente\/wp-json\/wp\/v2\/media?parent=1590"}],"wp:term":[{"taxonomy":"category","embeddable":true,"href":"https:\/\/blogs.correiobraziliense.com.br\/vicente\/wp-json\/wp\/v2\/categories?post=1590"},{"taxonomy":"post_tag","embeddable":true,"href":"https:\/\/blogs.correiobraziliense.com.br\/vicente\/wp-json\/wp\/v2\/tags?post=1590"}],"curies":[{"name":"wp","href":"https:\/\/api.w.org\/{rel}","templated":true}]}}