{"id":1588,"date":"2016-06-23T08:30:42","date_gmt":"2016-06-23T11:30:42","guid":{"rendered":"https:\/\/blogs.correiobraziliense.com.br\/vicente\/?p=1588"},"modified":"2016-06-23T09:18:11","modified_gmt":"2016-06-23T12:18:11","slug":"pt-volta-ao-centro-da-lava-jato-e-investigacao-encosta-em-dilma","status":"publish","type":"post","link":"https:\/\/blogs.correiobraziliense.com.br\/vicente\/pt-volta-ao-centro-da-lava-jato-e-investigacao-encosta-em-dilma\/","title":{"rendered":"PT volta ao centro da Lava-Jato. E investiga\u00e7\u00e3o encosta em Dilma"},"content":{"rendered":"<p>Com a pris\u00e3o de Paulo Bernardo, ex-ministro do Planejamento de Lula e de Dilma Rousseff, a Opera\u00e7\u00e3o Lava-Jato traz o PT novamente para o centro das investiga\u00e7\u00f5es de corrup\u00e7\u00e3o no pa\u00eds. Poucos petistas tinham tanto tr\u00e2nsito com Lula e Dilma quanto Bernardo. A pris\u00e3o dele no apartamento funcional da senadora Gleisi Hoffmann, com quem \u00e9 casado, foi emblem\u00e1tica.<\/p>\n<p>&nbsp;<\/p>\n<p>A volta do PT ao centro da Lava-Jato \u00e9 refor\u00e7ada pela condu\u00e7\u00e3o coercitiva de Carlos Gabas, ex-ministro da Previd\u00eancia Social nos governos petistas e amigo pessoal de Dilma. Os dois foram vistos v\u00e1rias vezes andando juntos de moto em Bras\u00edlia. Isso enfraquece o discurso de Dilma, que, nos \u00faltimos dias, se aproveitou do avan\u00e7o da Lava-Jato sobre o comando do PMDB para refor\u00e7ar a vis\u00e3o de que foi afastada injustamente da Presid\u00eancia da Rep\u00fablica.<\/p>\n<p>&nbsp;<\/p>\n<p>Tudo est\u00e1 jogando novamente contra o PT. A sede do partido em S\u00e3o Paulo tamb\u00e9m est\u00e1 sendo alvo das investiga\u00e7\u00f5es da nova etapa da Lava-Lato, chamada de Custo Brasil. H\u00e1 mandados de busca e apreens\u00e3o. O PT, como sempre, vai posar de v\u00edtima. Mas o certo \u00e9 que a Lava-Jato vai jogando as \u00faltimas p\u00e1s de cal sobre qualquer chance de Dilma voltar ao comando do pa\u00eds.<\/p>\n<p>&nbsp;<\/p>\n<p><i>Bras\u00edlia, 08h30min<\/i><\/p>\n","protected":false},"excerpt":{"rendered":"<p>Com a pris\u00e3o de Paulo Bernardo, ex-ministro do Planejamento de Lula e de Dilma Rousseff, a Opera\u00e7\u00e3o Lava-Jato traz o PT novamente para o centro das investiga\u00e7\u00f5es de corrup\u00e7\u00e3o no pa\u00eds. Poucos petistas tinham tanto tr\u00e2nsito com Lula e Dilma quanto Bernardo. A pris\u00e3o dele no apartamento funcional da senadora Gleisi Hoffmann, com quem \u00e9 [&hellip;]<\/p>\n","protected":false},"author":22,"featured_media":0,"comment_status":"open","ping_status":"closed","sticky":false,"template":"","format":"standard","meta":{"footnotes":""},"categories":[1],"tags":[350,11,352,23,349,351],"class_list":["post-1588","post","type-post","status-publish","format-standard","hentry","category-sem-categoria","tag-carlos-gabas","tag-dilma-rousseff","tag-gleisi-hoffmann","tag-lula","tag-paulo-bernardo","tag-prisao"],"_links":{"self":[{"href":"https:\/\/blogs.correiobraziliense.com.br\/vicente\/wp-json\/wp\/v2\/posts\/1588","targetHints":{"allow":["GET"]}}],"collection":[{"href":"https:\/\/blogs.correiobraziliense.com.br\/vicente\/wp-json\/wp\/v2\/posts"}],"about":[{"href":"https:\/\/blogs.correiobraziliense.com.br\/vicente\/wp-json\/wp\/v2\/types\/post"}],"author":[{"embeddable":true,"href":"https:\/\/blogs.correiobraziliense.com.br\/vicente\/wp-json\/wp\/v2\/users\/22"}],"replies":[{"embeddable":true,"href":"https:\/\/blogs.correiobraziliense.com.br\/vicente\/wp-json\/wp\/v2\/comments?post=1588"}],"version-history":[{"count":1,"href":"https:\/\/blogs.correiobraziliense.com.br\/vicente\/wp-json\/wp\/v2\/posts\/1588\/revisions"}],"predecessor-version":[{"id":1589,"href":"https:\/\/blogs.correiobraziliense.com.br\/vicente\/wp-json\/wp\/v2\/posts\/1588\/revisions\/1589"}],"wp:attachment":[{"href":"https:\/\/blogs.correiobraziliense.com.br\/vicente\/wp-json\/wp\/v2\/media?parent=1588"}],"wp:term":[{"taxonomy":"category","embeddable":true,"href":"https:\/\/blogs.correiobraziliense.com.br\/vicente\/wp-json\/wp\/v2\/categories?post=1588"},{"taxonomy":"post_tag","embeddable":true,"href":"https:\/\/blogs.correiobraziliense.com.br\/vicente\/wp-json\/wp\/v2\/tags?post=1588"}],"curies":[{"name":"wp","href":"https:\/\/api.w.org\/{rel}","templated":true}]}}