{"id":15874,"date":"2020-09-15T19:12:59","date_gmt":"2020-09-15T22:12:59","guid":{"rendered":"https:\/\/blogs.correiobraziliense.com.br\/vicente\/?p=15874"},"modified":"2020-09-15T21:36:20","modified_gmt":"2020-09-16T00:36:20","slug":"escanteado-no-governo-guedes-acredita-que-agora-aprovara-a-nova-cpmf","status":"publish","type":"post","link":"https:\/\/blogs.correiobraziliense.com.br\/vicente\/escanteado-no-governo-guedes-acredita-que-agora-aprovara-a-nova-cpmf\/","title":{"rendered":"Escanteado no governo, Guedes acredita que, agora, aprovar\u00e1 a nova CPMF"},"content":{"rendered":"<h2>Cada vez mais enfraquecido no governo, o ministro da Economia, Paulo Guedes, acredita, agora, que conseguir\u00e1 levar adiante a proposta de recria\u00e7\u00e3o da CPMF, travestida de imposto sobre transa\u00e7\u00f5es eletr\u00f4nicas. Ele ainda n\u00e3o combinou o jogo com o presidente Bolsonaro, mas cr\u00ea que tem bons argumentos para oferecer em troca.<\/h2>\n<p>&nbsp;<\/p>\n<p>Em busca de apoio \u00e0 nova CPMF, Guedes quer negociar com Bolsonaro a isen\u00e7\u00e3o de impostos para igrejas \u2014 mesmo n\u00e3o concordando, o presidente vetou um perd\u00e3o de quase R$ 1 bilh\u00e3o a templos religiosos \u2014 e medidas populares, como a redu\u00e7\u00e3o do imposto sobre fog\u00e3o, geladeira e m\u00e1quina de lavar, a chamada linha branca.<\/p>\n<p>&nbsp;<\/p>\n<p>Para obter o aval dos empresariado, o ministro propor\u00e1 isen\u00e7\u00e3o de tributo sobre na folha de sal\u00e1rios para quem ganha at\u00e9 um m\u00ednimo. N\u00e3o custa lembrar que o presidente vetou a extens\u00e3o da desonera\u00e7\u00e3o da folha de sal\u00e1rios at\u00e9 2021 para 17 setores. H\u00e1 uma press\u00e3o no Congresso para a derrubada do veto, mas o Pal\u00e1cio do Planalto est\u00e1 segurando a vota\u00e7\u00e3o.<\/p>\n<p>&nbsp;<\/p>\n<p><strong>Resist\u00eancia no Congresso<\/strong><\/p>\n<p>&nbsp;<\/p>\n<p>Apesar da disposi\u00e7\u00e3o de Guedes de ir para o ataque, h\u00e1 gente na equipe econ\u00f4mica que v\u00ea muita dificuldade para levar adiante a proposta de cria\u00e7\u00e3o de um tributo com ampla abrang\u00eancia. No Congresso, a maior resist\u00eancia \u00e0 nova CPMF est\u00e1 no presidente da C\u00e2mara, Rodrigo Maia. Mas o ministro da Economia diz que a presid\u00eancia de Maia est\u00e1 com os dias contados.<\/p>\n<p>&nbsp;<\/p>\n<p>\u00c9 importante ressaltar ainda que Bolsonaro est\u00e1 com uma vestimenta cada vez mais populista, de olho da reelei\u00e7\u00e3o em 2022. Qualquer gritaria contr\u00e1ria \u00e0 nova CPMF o far\u00e1 a enterrar a proposta de Guedes, assim como fez com o Renda Brasil.<\/p>\n<p>&nbsp;<\/p>\n<p>&#8220;O presidente n\u00e3o quer comprar brigas que tragam desgaste pol\u00edtico. O que ele quer \u00e9 projeto que renda votos, que melhore a avalia\u00e7\u00e3o do governo e evite embates desnecess\u00e1rios com o Legislativo. Guedes pode estar cheio de boas inten\u00e7\u00f5es, mas n\u00e3o levar\u00e1 problemas para o Planalto&#8221;, diz um dos assessores mais pr\u00f3ximos de Bolsonaro.<\/p>\n<p>&nbsp;<\/p>\n<p><em>Bras\u00edlia, 19h12min<\/em><\/p>\n<p>&nbsp;<\/p>\n","protected":false},"excerpt":{"rendered":"<p>Cada vez mais enfraquecido no governo, o ministro da Economia, Paulo Guedes, acredita, agora, que conseguir\u00e1 levar adiante a proposta de recria\u00e7\u00e3o da CPMF, travestida de imposto sobre transa\u00e7\u00f5es eletr\u00f4nicas. Ele ainda n\u00e3o combinou o jogo com o presidente Bolsonaro, mas cr\u00ea que tem bons argumentos para oferecer em troca. &nbsp; Em busca de apoio [&hellip;]<\/p>\n","protected":false},"author":22,"featured_media":15234,"comment_status":"open","ping_status":"closed","sticky":false,"template":"","format":"standard","meta":{"footnotes":""},"categories":[600],"tags":[2554,254,3615,301,3616,4933,2478,4934],"class_list":["post-15874","post","type-post","status-publish","format-standard","has-post-thumbnail","hentry","category-economia","tag-bolsonaro","tag-congresso","tag-cpmf","tag-empresarios","tag-guedes","tag-igreja","tag-imposto","tag-linha-branca"],"_links":{"self":[{"href":"https:\/\/blogs.correiobraziliense.com.br\/vicente\/wp-json\/wp\/v2\/posts\/15874","targetHints":{"allow":["GET"]}}],"collection":[{"href":"https:\/\/blogs.correiobraziliense.com.br\/vicente\/wp-json\/wp\/v2\/posts"}],"about":[{"href":"https:\/\/blogs.correiobraziliense.com.br\/vicente\/wp-json\/wp\/v2\/types\/post"}],"author":[{"embeddable":true,"href":"https:\/\/blogs.correiobraziliense.com.br\/vicente\/wp-json\/wp\/v2\/users\/22"}],"replies":[{"embeddable":true,"href":"https:\/\/blogs.correiobraziliense.com.br\/vicente\/wp-json\/wp\/v2\/comments?post=15874"}],"version-history":[{"count":1,"href":"https:\/\/blogs.correiobraziliense.com.br\/vicente\/wp-json\/wp\/v2\/posts\/15874\/revisions"}],"predecessor-version":[{"id":15875,"href":"https:\/\/blogs.correiobraziliense.com.br\/vicente\/wp-json\/wp\/v2\/posts\/15874\/revisions\/15875"}],"wp:featuredmedia":[{"embeddable":true,"href":"https:\/\/blogs.correiobraziliense.com.br\/vicente\/wp-json\/wp\/v2\/media\/15234"}],"wp:attachment":[{"href":"https:\/\/blogs.correiobraziliense.com.br\/vicente\/wp-json\/wp\/v2\/media?parent=15874"}],"wp:term":[{"taxonomy":"category","embeddable":true,"href":"https:\/\/blogs.correiobraziliense.com.br\/vicente\/wp-json\/wp\/v2\/categories?post=15874"},{"taxonomy":"post_tag","embeddable":true,"href":"https:\/\/blogs.correiobraziliense.com.br\/vicente\/wp-json\/wp\/v2\/tags?post=15874"}],"curies":[{"name":"wp","href":"https:\/\/api.w.org\/{rel}","templated":true}]}}