{"id":15872,"date":"2020-09-15T18:41:28","date_gmt":"2020-09-15T21:41:28","guid":{"rendered":"https:\/\/blogs.correiobraziliense.com.br\/vicente\/?p=15872"},"modified":"2020-09-15T19:09:50","modified_gmt":"2020-09-15T22:09:50","slug":"bolsonaro-enterra-renda-brasil-mas-mantem-pro-brasil-elaborado-pelos-militares","status":"publish","type":"post","link":"https:\/\/blogs.correiobraziliense.com.br\/vicente\/bolsonaro-enterra-renda-brasil-mas-mantem-pro-brasil-elaborado-pelos-militares\/","title":{"rendered":"Bolsonaro enterra Renda Brasil, mas mant\u00e9m Pr\u00f3-Brasil, elaborado pelos militares"},"content":{"rendered":"<h2>Se o presidente Jair Bolsonaro praticamente enterrou o Renda Brasil \u2014 &#8220;essa palavra est\u00e1 proibida no governo&#8221; \u2014, o mesmo n\u00e3o ser\u00e1 feito com o Pr\u00f3-Brasil, programa de obras elaborado pelos militares e pelos ministros do Desenvolvimento Regional, Rog\u00e9rio Marinho, e de Infraestrutura, Tarc\u00edsio Freitas. Muito pelo contr\u00e1rio.<\/h2>\n<p>&nbsp;<\/p>\n<p>Assim como o Renda Brasil precisa garantir recursos no Or\u00e7amento da Uni\u00e3o, o Pr\u00f3-Brasil requer dinheiro p\u00fablico \u2014 fala-se em pelo menos R$ 6 bilh\u00f5es. O problema \u00e9 que as fontes de verbas propostas pela equipe econ\u00f4mica, como o congelamento de aposentadorias e pens\u00f5es, para bancar o Renda Brasil s\u00e3o impopulares. No caso do Pr\u00f3-Brasil, a discuss\u00e3o passa pelo remanejamento de despesas.<\/p>\n<p>&nbsp;<\/p>\n<p>Segundo integrantes do Pal\u00e1cio do Planalto, Bolsonaro decidiu suspender a discuss\u00e3o sobre o Renda Brasil porque, a cada proposta apresentada pela equipe do ministro da Economia, Paulo Guedes, o desgaste com a popula\u00e7\u00e3o \u00e9 grande. E o presidente n\u00e3o quer saber disso, pois tem nas camadas de renda mais baixa o foco principal para obter os votos que podem lhe garantir a reelei\u00e7\u00e3o em 2022.<\/p>\n<p>&nbsp;<\/p>\n<p><strong>Programa para chamar de seu<\/strong><\/p>\n<p>&nbsp;<\/p>\n<p>Como n\u00e3o ter\u00e1 um programa social para chamar de seu, j\u00e1 que manter\u00e1 o Bolsa Fam\u00edlia, criado no governo Lula, o jeito ser\u00e1 Bolsonaro se dependurar em um projeto que envolvam obras. E o Pr\u00f3-Brasil, de acordo com seus defensores, entrega o que o presidente precisa: visibilidade e percep\u00e7\u00e3o de um governo que faz.<\/p>\n<p>&nbsp;<\/p>\n<p>Com o Pr\u00f3-Brasil mantido, Paulo Guedes perde mais uma. Al\u00e9m de n\u00e3o entregar um projeto vi\u00e1vel para Renda Brasil, desde o in\u00edcio, ele foi contra o programa de obras preparado pelos militares. Em uma reuni\u00e3o, o comparou ao Programa de Acelera\u00e7\u00e3o de Crescimento (PAC), marca do governo de Dilma Rousseff.<\/p>\n<p>&nbsp;<\/p>\n<p>Tem mais: o Pr\u00f3-Brasil teve como mentor o ministro Rog\u00e9rio Marinho, desafeto declarado de Guedes. O chefe da equipe econ\u00f4mica j\u00e1 o chamou de traidor e o acusou de ser &#8220;fura-teto, numa refer\u00eancia \u00e0 defesa a gastos acima do teto constitucional, o que, na vis\u00e3o de Guedes, pode levar Bolsonaro a responder a um processo de impeachment. Essa declara\u00e7\u00e3o do ministro da Economia, vale lembrar, deu in\u00edcio a um movimento de descontamento do presidente com ele.<\/p>\n<p>&nbsp;<\/p>\n<p><em>Bras\u00edlia, 18h41min<\/em><\/p>\n","protected":false},"excerpt":{"rendered":"<p>Se o presidente Jair Bolsonaro praticamente enterrou o Renda Brasil \u2014 &#8220;essa palavra est\u00e1 proibida no governo&#8221; \u2014, o mesmo n\u00e3o ser\u00e1 feito com o Pr\u00f3-Brasil, programa de obras elaborado pelos militares e pelos ministros do Desenvolvimento Regional, Rog\u00e9rio Marinho, e de Infraestrutura, Tarc\u00edsio Freitas. Muito pelo contr\u00e1rio. &nbsp; Assim como o Renda Brasil precisa [&hellip;]<\/p>\n","protected":false},"author":22,"featured_media":15172,"comment_status":"open","ping_status":"closed","sticky":false,"template":"","format":"standard","meta":{"footnotes":""},"categories":[600],"tags":[3315,2554,769,4191,3613,4851,4694],"class_list":["post-15872","post","type-post","status-publish","format-standard","has-post-thumbnail","hentry","category-economia","tag-aposentadorias","tag-bolsonaro","tag-militares","tag-obras","tag-paulo-guedes","tag-pro-brasil","tag-renda-brasil"],"_links":{"self":[{"href":"https:\/\/blogs.correiobraziliense.com.br\/vicente\/wp-json\/wp\/v2\/posts\/15872","targetHints":{"allow":["GET"]}}],"collection":[{"href":"https:\/\/blogs.correiobraziliense.com.br\/vicente\/wp-json\/wp\/v2\/posts"}],"about":[{"href":"https:\/\/blogs.correiobraziliense.com.br\/vicente\/wp-json\/wp\/v2\/types\/post"}],"author":[{"embeddable":true,"href":"https:\/\/blogs.correiobraziliense.com.br\/vicente\/wp-json\/wp\/v2\/users\/22"}],"replies":[{"embeddable":true,"href":"https:\/\/blogs.correiobraziliense.com.br\/vicente\/wp-json\/wp\/v2\/comments?post=15872"}],"version-history":[{"count":1,"href":"https:\/\/blogs.correiobraziliense.com.br\/vicente\/wp-json\/wp\/v2\/posts\/15872\/revisions"}],"predecessor-version":[{"id":15873,"href":"https:\/\/blogs.correiobraziliense.com.br\/vicente\/wp-json\/wp\/v2\/posts\/15872\/revisions\/15873"}],"wp:featuredmedia":[{"embeddable":true,"href":"https:\/\/blogs.correiobraziliense.com.br\/vicente\/wp-json\/wp\/v2\/media\/15172"}],"wp:attachment":[{"href":"https:\/\/blogs.correiobraziliense.com.br\/vicente\/wp-json\/wp\/v2\/media?parent=15872"}],"wp:term":[{"taxonomy":"category","embeddable":true,"href":"https:\/\/blogs.correiobraziliense.com.br\/vicente\/wp-json\/wp\/v2\/categories?post=15872"},{"taxonomy":"post_tag","embeddable":true,"href":"https:\/\/blogs.correiobraziliense.com.br\/vicente\/wp-json\/wp\/v2\/tags?post=15872"}],"curies":[{"name":"wp","href":"https:\/\/api.w.org\/{rel}","templated":true}]}}