{"id":15864,"date":"2020-09-15T18:01:19","date_gmt":"2020-09-15T21:01:19","guid":{"rendered":"https:\/\/blogs.correiobraziliense.com.br\/vicente\/?p=15864"},"modified":"2020-09-15T18:29:12","modified_gmt":"2020-09-15T21:29:12","slug":"cnsaude-diz-ser-contra-reajustes-de-planos-de-saude-e-que-entende-indignacao-da-sociedade","status":"publish","type":"post","link":"https:\/\/blogs.correiobraziliense.com.br\/vicente\/cnsaude-diz-ser-contra-reajustes-de-planos-de-saude-e-que-entende-indignacao-da-sociedade\/","title":{"rendered":"CNSa\u00fade diz ser contra reajustes de planos de sa\u00fade e que entende indigna\u00e7\u00e3o da sociedade"},"content":{"rendered":"<h2>Diante das cr\u00edticas do presidente da C\u00e2mara, <a href=\"https:\/\/blogs.correiobraziliense.com.br\/vicente\/rodrigo-maia-elege-os-planos-de-saude-como-os-inimigos-da-hora\/\">Rodrigo Maia, que, em uma rede social, classificou como vergonho<\/a> o reajuste de 25% dos planos de sa\u00fade, a Confedera\u00e7\u00e3o Nacional da Sa\u00fade (CNSa\u00fade) disse, em nota, que &#8220;compreende a indigna\u00e7\u00e3o de parlamentares e da sociedade\u00a0em geral por conta de elevados aumentos de planos de sa\u00fade em plena pandemia&#8221;.<\/h2>\n<p>&nbsp;<\/p>\n<p>Segundo a CNSa\u00fade, que representa milhares de hospitais, laborat\u00f3rios e cl\u00ednicas em todo o Brasil, n\u00e3o h\u00e1 raz\u00f5es para aumento nas mensalidades do planos neste momento, pois &#8220;dados da\u00a0Ag\u00eancia Nacional de Sa\u00fade Suplementar (ANS) comprovam que os gastos com interna\u00e7\u00e3o e exames despencaram e os <a href=\"https:\/\/blogs.correiobraziliense.com.br\/vicente\/apenas-quatro-planos-de-saude-lucraram-r-13-bi-no-2o-trimestre-do-ano-rodrigo-maia-esta-de-olho\/\">lucros das operadoras de planos de sa\u00fade aumentaram<\/a><br \/>\nconsideravelmente&#8221;.<\/p>\n<p>&nbsp;<\/p>\n<p>A declara\u00e7\u00e3o irada de Maia contra os planos de sa\u00fade teve como base um estudo feito pela CNSa\u00fade sobre a reforma tribut\u00e1ria. No entender da entidade, se a proposta do governo de cria\u00e7\u00e3o da Contribui\u00e7\u00e3o Social sobre Bens e Servi\u00e7os (CBS) com al\u00edquota 12% for aprovada, todos os servi\u00e7os da \u00e1rea de sa\u00fade ficar\u00e3o mais caros, inclusive os conv\u00eanios m\u00e9dicos.<\/p>\n<p>&nbsp;<\/p>\n<p>Na mesma nota, a CNSa\u00fade refor\u00e7a que &#8220;\u00e9 a favor da reforma tribut\u00e1ria, pois ela moderniza e simplifica a vida do contribuinte, gerando importantes ganhos de produtividade para a economia nacional&#8221;. Mas, &#8220;como forma de contribuir para o debate que vem ocorrendo de forma extremamente democr\u00e1tica no Congresso Nacional,\u00a0realizou estudo econ\u00f4mico com base na proposta do governo federal de al\u00edquota \u00fanica de 12% e deu toda a transpar\u00eancia a esses dados.<\/p>\n<p>&nbsp;<\/p>\n<p>No mesmo documento, a CNSa\u00fade afirma que n\u00e3o defende qualquer benef\u00edcio ao setor de sa\u00fade, mas, sim, a manuten\u00e7\u00e3o da atual carga tribut\u00e1ria. &#8220;N\u00e3o temos d\u00favida em alertar que o<br \/>\naumento da carga, na contram\u00e3o do que faz a maior parte dos pa\u00edses em rela\u00e7\u00e3o \u00e0 sa\u00fade, levar\u00e1 ao aumento dos pre\u00e7os de produtos e servi\u00e7os m\u00e9dicos e, tamb\u00e9m, ao fechamento de empresas e empregos, sobrecarregando dessa forma o SUS&#8221;.<\/p>\n<p>&nbsp;<\/p>\n<p><em>Bras\u00edlia, 18h01min<\/em><\/p>\n","protected":false},"excerpt":{"rendered":"<p>Diante das cr\u00edticas do presidente da C\u00e2mara, Rodrigo Maia, que, em uma rede social, classificou como vergonho o reajuste de 25% dos planos de sa\u00fade, a Confedera\u00e7\u00e3o Nacional da Sa\u00fade (CNSa\u00fade) disse, em nota, que &#8220;compreende a indigna\u00e7\u00e3o de parlamentares e da sociedade\u00a0em geral por conta de elevados aumentos de planos de sa\u00fade em plena [&hellip;]<\/p>\n","protected":false},"author":22,"featured_media":10384,"comment_status":"open","ping_status":"closed","sticky":false,"template":"","format":"standard","meta":{"footnotes":""},"categories":[600],"tags":[4930,4931,215,656,4932],"class_list":["post-15864","post","type-post","status-publish","format-standard","has-post-thumbnail","hentry","category-economia","tag-cnsaude","tag-indignacao","tag-planos-de-saude","tag-rodrigo-maia","tag-sociedade"],"_links":{"self":[{"href":"https:\/\/blogs.correiobraziliense.com.br\/vicente\/wp-json\/wp\/v2\/posts\/15864","targetHints":{"allow":["GET"]}}],"collection":[{"href":"https:\/\/blogs.correiobraziliense.com.br\/vicente\/wp-json\/wp\/v2\/posts"}],"about":[{"href":"https:\/\/blogs.correiobraziliense.com.br\/vicente\/wp-json\/wp\/v2\/types\/post"}],"author":[{"embeddable":true,"href":"https:\/\/blogs.correiobraziliense.com.br\/vicente\/wp-json\/wp\/v2\/users\/22"}],"replies":[{"embeddable":true,"href":"https:\/\/blogs.correiobraziliense.com.br\/vicente\/wp-json\/wp\/v2\/comments?post=15864"}],"version-history":[{"count":1,"href":"https:\/\/blogs.correiobraziliense.com.br\/vicente\/wp-json\/wp\/v2\/posts\/15864\/revisions"}],"predecessor-version":[{"id":15867,"href":"https:\/\/blogs.correiobraziliense.com.br\/vicente\/wp-json\/wp\/v2\/posts\/15864\/revisions\/15867"}],"wp:featuredmedia":[{"embeddable":true,"href":"https:\/\/blogs.correiobraziliense.com.br\/vicente\/wp-json\/wp\/v2\/media\/10384"}],"wp:attachment":[{"href":"https:\/\/blogs.correiobraziliense.com.br\/vicente\/wp-json\/wp\/v2\/media?parent=15864"}],"wp:term":[{"taxonomy":"category","embeddable":true,"href":"https:\/\/blogs.correiobraziliense.com.br\/vicente\/wp-json\/wp\/v2\/categories?post=15864"},{"taxonomy":"post_tag","embeddable":true,"href":"https:\/\/blogs.correiobraziliense.com.br\/vicente\/wp-json\/wp\/v2\/tags?post=15864"}],"curies":[{"name":"wp","href":"https:\/\/api.w.org\/{rel}","templated":true}]}}