{"id":15863,"date":"2020-09-15T18:10:47","date_gmt":"2020-09-15T21:10:47","guid":{"rendered":"https:\/\/blogs.correiobraziliense.com.br\/vicente\/?p=15863"},"modified":"2020-09-15T18:42:37","modified_gmt":"2020-09-15T21:42:37","slug":"equipe-economica-cometeu-suicidio-politico-avalia-marcelo-neri-da-fgv","status":"publish","type":"post","link":"https:\/\/blogs.correiobraziliense.com.br\/vicente\/equipe-economica-cometeu-suicidio-politico-avalia-marcelo-neri-da-fgv\/","title":{"rendered":"&#8220;Equipe econ\u00f4mica cometeu suic\u00eddio pol\u00edtico&#8221;, avalia Marcelo Neri, da FGV"},"content":{"rendered":"<h2><span style=\"font-weight: 400\">ROSANA HESSEL<\/span><\/h2>\n<h2><\/h2>\n<h2><span style=\"font-weight: 400\">A equipe econ\u00f4mica cometeu suic\u00eddio pol\u00edtico ao tentar buscar, de forma atabalhoada, medidas para abra\u00e7ar o Renda Brasil, programa que deveria substituir o Bolsa Fam\u00edlia, no Or\u00e7amento de 2021, na avalia\u00e7\u00e3o do economista Marcelo Neri, diretor do Centro de Pol\u00edticas Sociais da Funda\u00e7\u00e3o Getulio Vargas (FGV Social).\u00a0<\/span><\/h2>\n<p>&nbsp;<\/p>\n<p><span style=\"font-weight: 400\">A proposta que vazou pelos t\u00e9cnicos liderados pelo ministro da Economia, Paulo Guedes, previa congelamento de aposentadorias e do sal\u00e1rio m\u00ednimo, o que provocou ira do presidente Jair Bolsonaro na manh\u00e3 desta ter\u00e7a-feira (15\/09) ao ler as manchetes nos jornais.\u00a0 <\/span><span style=\"font-weight: 400\">\u201cO presidente teve um sentimento pol\u00edtico apurado ao criticar a proposta, mas, tecnicamente, a equipe cometeu um suic\u00eddio politico. No imagin\u00e1rio da sociedade, a grande pol\u00edtica social do pa\u00eds no combate \u00e0 pobreza \u00e9 o sal\u00e1rio m\u00ednimo\u201d, disse Neri, em entrevista ao <\/span><b>Blog<\/b><span style=\"font-weight: 400\">.\u00a0\u00a0<\/span><\/p>\n<p>&nbsp;<\/p>\n<p><span style=\"font-weight: 400\">Para ele, se o governo tivesse capacidade de fazer uma ampla discuss\u00e3o pr\u00e9via do assunto com a sociedade e o Parlamento sobre os impactos de cada programa e detalhasse melhor o Renda Brasil e fizesse compara\u00e7\u00f5es mais plaus\u00edveis, talvez a proposta fosse digerida com mais facilidade, no entender de Neri. Bolsonaro j\u00e1 havia descartado a sugest\u00e3o anterior de Paulo Guedes, que previa o fim do abono salarial para que os recursos do programa fossem para o Renda Brasil. Mas Bolsonaro j\u00e1 disse que n\u00e3o vai tirar dos pobres para dar aos \u201cpaup\u00e9rrimos\u201d.<\/span><\/p>\n<p>&nbsp;<\/p>\n<p><span style=\"font-weight: 400\">Na manh\u00e3 de hoje, o presidente criticou o vazamento da proposta da equipe econ\u00f4mica e afirmou que foi \u201csurpreendido\u201d com as not\u00edcias e acabou com o programa antes mesmo de fazer um lan\u00e7amento, que estava previsto para 25 de agosto, mas foi adiado.\u00a0<\/span><span style=\"font-weight: 400\">\u201cAt\u00e9 2022, no meu governo, est\u00e1 proibido falar a palavra Renda Brasil. Vamos continuar com o Bolsa Fam\u00edlia e ponto final\u201d, disse Bolsonaro, em v\u00eddeo postado em seu perfil nas redes sociais. Ele ainda deu um cart\u00e3o vermelho para o autor da ideia. \u201cQuem, porventura, vier propor para mim uma medida como essa, eu s\u00f3 posso dar um cart\u00e3o vermelho. \u00c9 gente que n\u00e3o tem o m\u00ednimo de cora\u00e7\u00e3o, o m\u00ednimo de entendimento de como vivem os aposentados do Brasil\u201d, declarou.<\/span><\/p>\n<p>&nbsp;<\/p>\n<p><span style=\"font-weight: 400\">De acordo com Neri, no entanto, o Renda Brasil se for bem elaborado, pode ser um bom programa no combate \u00e0 desigualdade uma vez que ele tomar\u00e1 lugar do Bolsa Fam\u00edlia, que \u00e9 o melhor programa de distribui\u00e7\u00e3o de renda do governo. Criado em 2009, o Bolsa Fam\u00edlia \u00e9 um programa barato do ponto de vista fiscal, pois custa pouco mais de R$ 30 bilh\u00f5es por ano e, portanto, uma amplia\u00e7\u00e3o dele seria positiva para a economia e para o combate \u00e0 desigualdade.\u00a0<\/span><span style=\"font-weight: 400\">Ele lembrou que o Benef\u00edcio de Presta\u00e7\u00e3o Continuada (BPC) n\u00e3o tem o mesmo impacto desse programa e o BPC ainda tem uma quest\u00e3o judicial que pode aumentar ainda mais o custo.<\/span><\/p>\n<p>&nbsp;<\/p>\n<p><strong>Bolsa Fam\u00edlia<\/strong><\/p>\n<p>&nbsp;<\/p>\n<p><span style=\"font-weight: 400\">O aux\u00edlio do BPC equivale a um sal\u00e1rio m\u00ednimo (R$ 1.045), \u00e9 pago aos idosos acima de 65 anos e aos portadores de defici\u00eancia que possuem renda familiar per capita de at\u00e9 1\/4 do piso (R$ 261,25). Neste ano, o custo previsto para o BPC \u00e9 de R$ 61,6 bilh\u00f5es, e, pela proposta or\u00e7ament\u00e1ria do Executivo enviada ao Congresso, a previs\u00e3o de gasto com essa rubrica \u00e9 de R$ 66,1 bilh\u00f5es. J\u00e1 o Bolsa Fam\u00edlia dever\u00e1 custar R$ 34,8 bilh\u00f5es no ano que vem.<\/span><\/p>\n<p>&nbsp;<\/p>\n<p><span style=\"font-weight: 400\">\u201cO Bolsa Fam\u00edlia \u00e9 o programa mais eficaz do governo no combate \u00e0 pobreza, mas ele atinge crian\u00e7as que n\u00e3o votam\u201d, explicou Neri. Segundo ele, cada real gasto no Bolsa Fam\u00edlia tem um impacto de 673% maior na pobreza do que o BPC, porque \u00e9 focalizado no mais pobres e nas crian\u00e7as e na educa\u00e7\u00e3o. \u201cEsse dado faz a economia girar 50% a mais no Bolsa Fam\u00edlia do que com o BPC, que \u00e9 mais focado nos idosos\u201d, comparou. Os dados comparativos utilizaram uma renda m\u00e9dia para o Bolsa Fam\u00edlia de R$ 250 por m\u00eas.<\/span><\/p>\n<p>&nbsp;<\/p>\n<p><span style=\"font-weight: 400\">\u201cSegundo nossas estimativas, seria melhor injetar recursos via Bolsa Fam\u00edlia se o objetivo \u00e9 combater a pobreza. Como consequ\u00eancia, o programa \u00e9 a solu\u00e7\u00e3o fiscalmente mais eficiente de combate a pobreza. Mas no imagin\u00e1rio popular o sal\u00e1rio m\u00ednimo \u00e9 a grande pol\u00edticas de combate \u00e0 pobreza. Transfer\u00eancias de renda vinculadas ao m\u00ednimo o numer\u00e1rio da pol\u00edtica social brasileira (fora s\u00e3o piores que o Bolsa Fam\u00edlia, a come\u00e7ar pelo BPC a melhor dessas pol\u00edticas vinculadas ao m\u00ednimo\u201d, destacou o professor da FGV.<\/span><\/p>\n<p>&nbsp;<\/p>\n<p><span style=\"font-weight: 400\">Neri lembrou que, recentemente, o Congresso derrubou o veto do presidente Bolsonaro e aumentou o teto de renda para acesso ao BPC, e, portanto, a compara\u00e7\u00e3o desse programa ao Bolsa Fam\u00edlia \u00e9 relevante, \u201cdentro da perspectiva do custo de oportunidade social, onde comparamos cada programa vinculado e n\u00e3o vinculado ao sal\u00e1rio m\u00ednimo\u201d.\u00a0<\/span><span style=\"font-weight: 400\">Com a mudan\u00e7a das regras de acesso propostas pelo Congresso e que foram vetadas por Bolsonaro, esse piso passaria para meio sal\u00e1rio m\u00ednimo (R$ 522,5), o que, pelas estimativas de t\u00e9cnicos da equipe econ\u00f4mica, implicaria em um custo adicional de R$ 20 bilh\u00f5es por ano nas despesas da Uni\u00e3o.\u00a0 Vale lembrar que, para criar o Renda Brasil, n\u00e3o h\u00e1 espa\u00e7o no Or\u00e7amento de 2021 sem que as despesas extrapolem o limite imposto pela regra do teto de gastos.\u00a0<\/span><\/p>\n<p>&nbsp;<\/p>\n<p><span style=\"font-weight: 400\">\u201cA compara\u00e7\u00e3o entre esses programas se torna ainda mais relevante quando levamos em considera\u00e7\u00e3o que ambos s\u00e3o programas de transfer\u00eancia de renda focados em reduzir a pobreza\u201d, emendou Neri.<\/span><\/p>\n<p>&nbsp;<\/p>\n<p>A previs\u00e3o para o sal\u00e1rio m\u00ednimo no Or\u00e7amento de 2021 \u00e9 de R$ 1.067, mas esse valor precisar\u00e1 ser corrigido para R$ 1.070 diante da alta dos pre\u00e7os dos alimentos e do aumento de 2,09% para 2,35% na previs\u00e3o para o \u00cdndice Nacional de Pre\u00e7os ao Consumidor (INPC).\u00a0 Cada real a mais no m\u00ednimo implica em uma m\u00e9dia de R$ 350 milh\u00f5es de gasto adicional nas despesas anuais da Previd\u00eancia Social, pelos c\u00e1lculos de t\u00e9cnicos do governo. Logo, apenas esse incremento de R$ 3 a mais na previs\u00e3o implicaria em R$ 1 bilh\u00e3o de gastos com aposentadorias e pens\u00f5es al\u00e9m do do que j\u00e1 estava previsto na proposta or\u00e7ament\u00e1ria que n\u00e3o tem margem alguma para novas despesas sem estourar o teto.<\/p>\n<p>&nbsp;<\/p>\n<p>&nbsp;<\/p>\n","protected":false},"excerpt":{"rendered":"<p>ROSANA HESSEL A equipe econ\u00f4mica cometeu suic\u00eddio pol\u00edtico ao tentar buscar, de forma atabalhoada, medidas para abra\u00e7ar o Renda Brasil, programa que deveria substituir o Bolsa Fam\u00edlia, no Or\u00e7amento de 2021, na avalia\u00e7\u00e3o do economista Marcelo Neri, diretor do Centro de Pol\u00edticas Sociais da Funda\u00e7\u00e3o Getulio Vargas (FGV Social).\u00a0 &nbsp; A proposta que vazou pelos [&hellip;]<\/p>\n","protected":false},"author":22,"featured_media":13776,"comment_status":"open","ping_status":"closed","sticky":false,"template":"","format":"standard","meta":{"footnotes":""},"categories":[600],"tags":[1498,2554,3765,2933,535,4913,3613,2353,4694],"class_list":["post-15863","post","type-post","status-publish","format-standard","has-post-thumbnail","hentry","category-economia","tag-bolsa-familia","tag-bolsonaro","tag-bpc","tag-desigualdade","tag-fgv","tag-marcelo-neri","tag-paulo-guedes","tag-pobreza","tag-renda-brasil"],"_links":{"self":[{"href":"https:\/\/blogs.correiobraziliense.com.br\/vicente\/wp-json\/wp\/v2\/posts\/15863","targetHints":{"allow":["GET"]}}],"collection":[{"href":"https:\/\/blogs.correiobraziliense.com.br\/vicente\/wp-json\/wp\/v2\/posts"}],"about":[{"href":"https:\/\/blogs.correiobraziliense.com.br\/vicente\/wp-json\/wp\/v2\/types\/post"}],"author":[{"embeddable":true,"href":"https:\/\/blogs.correiobraziliense.com.br\/vicente\/wp-json\/wp\/v2\/users\/22"}],"replies":[{"embeddable":true,"href":"https:\/\/blogs.correiobraziliense.com.br\/vicente\/wp-json\/wp\/v2\/comments?post=15863"}],"version-history":[{"count":5,"href":"https:\/\/blogs.correiobraziliense.com.br\/vicente\/wp-json\/wp\/v2\/posts\/15863\/revisions"}],"predecessor-version":[{"id":15871,"href":"https:\/\/blogs.correiobraziliense.com.br\/vicente\/wp-json\/wp\/v2\/posts\/15863\/revisions\/15871"}],"wp:featuredmedia":[{"embeddable":true,"href":"https:\/\/blogs.correiobraziliense.com.br\/vicente\/wp-json\/wp\/v2\/media\/13776"}],"wp:attachment":[{"href":"https:\/\/blogs.correiobraziliense.com.br\/vicente\/wp-json\/wp\/v2\/media?parent=15863"}],"wp:term":[{"taxonomy":"category","embeddable":true,"href":"https:\/\/blogs.correiobraziliense.com.br\/vicente\/wp-json\/wp\/v2\/categories?post=15863"},{"taxonomy":"post_tag","embeddable":true,"href":"https:\/\/blogs.correiobraziliense.com.br\/vicente\/wp-json\/wp\/v2\/tags?post=15863"}],"curies":[{"name":"wp","href":"https:\/\/api.w.org\/{rel}","templated":true}]}}