{"id":1586,"date":"2016-06-23T00:15:33","date_gmt":"2016-06-23T03:15:33","guid":{"rendered":"https:\/\/blogs.correiobraziliense.com.br\/vicente\/?p=1586"},"modified":"2016-06-23T00:42:52","modified_gmt":"2016-06-23T03:42:52","slug":"no-itamaraty-os-mais-exaltados-ja-falam-em-greve-serra-reforca-seguranca","status":"publish","type":"post","link":"https:\/\/blogs.correiobraziliense.com.br\/vicente\/no-itamaraty-os-mais-exaltados-ja-falam-em-greve-serra-reforca-seguranca\/","title":{"rendered":"No Itamaraty, os mais exaltados j\u00e1 falam em greve. Serra refor\u00e7a seguran\u00e7a"},"content":{"rendered":"<p>POR MARLLA SABINO<\/p>\n<p>&nbsp;<\/p>\n<p>O ministro das Rela\u00e7\u00f5es Exteriores, Jos\u00e9 Serra, mandou preparar um esquema especial de seguran\u00e7a para conter os \u00e2nimos mais acirrados na pasta. \u00c9 enorme o descontentamento de servidores com a decis\u00e3o do Minist\u00e9rio do Planejamento de cortar 40% do valor do 13o sal\u00e1rio e das f\u00e9rias, ao retirar a Indeniza\u00e7\u00e3o de Representa\u00e7\u00e3o no Exterior (Irex) dessas remunera\u00e7\u00f5es. Os mais exaltados falam em greve. Hoje, a promessa \u00e9 de todos cruzarem os bra\u00e7os em protesto. A paraliza\u00e7\u00e3o atingir\u00e1 praticamente todas as representa\u00e7\u00f5es do Brasil no exterior.<\/p>\n<p>&nbsp;<\/p>\n<p>Os servidores do Itamaraty culpam os atuais gestores do \u00f3rg\u00e3o pelas perdas que est\u00e3o tendo de arcar. Asseguram que o comando da pasta nada fez para reverter a decis\u00e3o do Planejamento. Para eles, as restri\u00e7\u00f5es or\u00e7ament\u00e1rias do Minist\u00e9rio das Rela\u00e7\u00f5es Exteriores refletem o desprest\u00edgio da pasta. Nem a nomea\u00e7\u00e3o de Serra para o comando do Itamaraty foi suficiente para retomar a for\u00e7a da casa. Em termos de or\u00e7amento est\u00e1 prevalecendo as determina\u00e7\u00f5es do Planejamento.<\/p>\n<p>&nbsp;<\/p>\n<p>Serra avisou a auxiliares pr\u00f3ximos que n\u00e3o quer confus\u00e3o no minist\u00e9rio. Na vis\u00e3o dele, o Planejamento est\u00e1 correto. Ele n\u00e3o imaginava que a corre\u00e7\u00e3o\u00a0de uma &#8220;distor\u00e7\u00e3o&#8221; fosse criar tanta balb\u00fardia.<\/p>\n<p>&nbsp;<\/p>\n<p style=\"text-align: right\"><i>Bras\u00edlia, 00h15min<\/i><\/p>\n<p style=\"text-align: right\">\n","protected":false},"excerpt":{"rendered":"<p>POR MARLLA SABINO &nbsp; O ministro das Rela\u00e7\u00f5es Exteriores, Jos\u00e9 Serra, mandou preparar um esquema especial de seguran\u00e7a para conter os \u00e2nimos mais acirrados na pasta. \u00c9 enorme o descontentamento de servidores com a decis\u00e3o do Minist\u00e9rio do Planejamento de cortar 40% do valor do 13o sal\u00e1rio e das f\u00e9rias, ao retirar a Indeniza\u00e7\u00e3o de [&hellip;]<\/p>\n","protected":false},"author":22,"featured_media":0,"comment_status":"open","ping_status":"closed","sticky":false,"template":"","format":"standard","meta":{"footnotes":""},"categories":[1],"tags":[347,348,331,329,249,231],"class_list":["post-1586","post","type-post","status-publish","format-standard","hentry","category-sem-categoria","tag-greve","tag-indenizacao-se-representacao-no-exterior","tag-irex","tag-itamaraty","tag-jose-serra","tag-manifestacao"],"_links":{"self":[{"href":"https:\/\/blogs.correiobraziliense.com.br\/vicente\/wp-json\/wp\/v2\/posts\/1586","targetHints":{"allow":["GET"]}}],"collection":[{"href":"https:\/\/blogs.correiobraziliense.com.br\/vicente\/wp-json\/wp\/v2\/posts"}],"about":[{"href":"https:\/\/blogs.correiobraziliense.com.br\/vicente\/wp-json\/wp\/v2\/types\/post"}],"author":[{"embeddable":true,"href":"https:\/\/blogs.correiobraziliense.com.br\/vicente\/wp-json\/wp\/v2\/users\/22"}],"replies":[{"embeddable":true,"href":"https:\/\/blogs.correiobraziliense.com.br\/vicente\/wp-json\/wp\/v2\/comments?post=1586"}],"version-history":[{"count":1,"href":"https:\/\/blogs.correiobraziliense.com.br\/vicente\/wp-json\/wp\/v2\/posts\/1586\/revisions"}],"predecessor-version":[{"id":1587,"href":"https:\/\/blogs.correiobraziliense.com.br\/vicente\/wp-json\/wp\/v2\/posts\/1586\/revisions\/1587"}],"wp:attachment":[{"href":"https:\/\/blogs.correiobraziliense.com.br\/vicente\/wp-json\/wp\/v2\/media?parent=1586"}],"wp:term":[{"taxonomy":"category","embeddable":true,"href":"https:\/\/blogs.correiobraziliense.com.br\/vicente\/wp-json\/wp\/v2\/categories?post=1586"},{"taxonomy":"post_tag","embeddable":true,"href":"https:\/\/blogs.correiobraziliense.com.br\/vicente\/wp-json\/wp\/v2\/tags?post=1586"}],"curies":[{"name":"wp","href":"https:\/\/api.w.org\/{rel}","templated":true}]}}