{"id":15849,"date":"2020-09-15T16:19:18","date_gmt":"2020-09-15T19:19:18","guid":{"rendered":"https:\/\/blogs.correiobraziliense.com.br\/vicente\/?p=15849"},"modified":"2020-09-15T17:02:37","modified_gmt":"2020-09-15T20:02:37","slug":"a-pergunta-que-domina-o-ministerio-da-economia-guedes-vai-entregar-a-cabeca-de-waldery","status":"publish","type":"post","link":"https:\/\/blogs.correiobraziliense.com.br\/vicente\/a-pergunta-que-domina-o-ministerio-da-economia-guedes-vai-entregar-a-cabeca-de-waldery\/","title":{"rendered":"A pergunta que domina o Minist\u00e9rio da Economia: &#8220;Guedes vai entregar a cabe\u00e7a de Waldery?&#8221;"},"content":{"rendered":"<h2>O Minist\u00e9rio da Economia est\u00e1 em polvorosa. Todos est\u00e3o se perguntando se o ministro da Economia, Paulo Guedes, vai entregar a cabe\u00e7a do secret\u00e1rio especial da Fazenda, Waldery Rodrigues. Foi ele quem tornou p\u00fablica a proposta de congelamento de aposentadorias e pens\u00f5es para bancar o Renda Brasil.<\/h2>\n<p>&nbsp;<\/p>\n<p>Irritado com o custo pol\u00edtico de uma medida como essa, que pode lhe tirar votos entre os mais pobres, o presidente Jair Bolsonaro disse que, quem pensou numa proposta como essa &#8220;na tem cora\u00e7\u00e3o&#8221; e merece levar um &#8220;cart\u00e3o vermelho&#8221;.<\/p>\n<p>&nbsp;<\/p>\n<p>Durante uma longa conversa com Bolsonaro, que o convocou \u00e0s pressas, Guedes defendeu o subordinado, mas n\u00e3o est\u00e1 garantida a perman\u00eancia de Waldery na equipe econ\u00f4mica. O secret\u00e1rio \u00e9 o bra\u00e7o direito do ministro e respons\u00e1vel pelas chaves dos cofres, uma vez que o Tesouro Nacional est\u00e1 sob seu guarda-chuva.<\/p>\n<p>&nbsp;<\/p>\n<p>Guedes e Waldery j\u00e1 se falaram v\u00e1rias vezes ao longo desta ter\u00e7a-feira (15\/09). Muitas explica\u00e7\u00f5es foram dadas por ambos os lados. Contudo, para o Pal\u00e1cio do Planalto, o assunto est\u00e1 longe da pacifica\u00e7\u00e3o. Bolsonaro encerrou a discuss\u00e3o sobre o Renda Brasil, mas est\u00e1 com o cart\u00e3o vermelho pronto para ser retirado do bolso.<\/p>\n<p>&nbsp;<\/p>\n<p><em>Bras\u00edlia, 16h19min<\/em><\/p>\n","protected":false},"excerpt":{"rendered":"<p>O Minist\u00e9rio da Economia est\u00e1 em polvorosa. Todos est\u00e3o se perguntando se o ministro da Economia, Paulo Guedes, vai entregar a cabe\u00e7a do secret\u00e1rio especial da Fazenda, Waldery Rodrigues. Foi ele quem tornou p\u00fablica a proposta de congelamento de aposentadorias e pens\u00f5es para bancar o Renda Brasil. &nbsp; Irritado com o custo pol\u00edtico de uma [&hellip;]<\/p>\n","protected":false},"author":22,"featured_media":15853,"comment_status":"open","ping_status":"closed","sticky":false,"template":"","format":"standard","meta":{"footnotes":""},"categories":[600],"tags":[3315,2554,2533,22,3616,2173,4694,4929],"class_list":["post-15849","post","type-post","status-publish","format-standard","has-post-thumbnail","hentry","category-economia","tag-aposentadorias","tag-bolsonaro","tag-congelamento","tag-demissao","tag-guedes","tag-pensoes","tag-renda-brasil","tag-waldery"],"_links":{"self":[{"href":"https:\/\/blogs.correiobraziliense.com.br\/vicente\/wp-json\/wp\/v2\/posts\/15849","targetHints":{"allow":["GET"]}}],"collection":[{"href":"https:\/\/blogs.correiobraziliense.com.br\/vicente\/wp-json\/wp\/v2\/posts"}],"about":[{"href":"https:\/\/blogs.correiobraziliense.com.br\/vicente\/wp-json\/wp\/v2\/types\/post"}],"author":[{"embeddable":true,"href":"https:\/\/blogs.correiobraziliense.com.br\/vicente\/wp-json\/wp\/v2\/users\/22"}],"replies":[{"embeddable":true,"href":"https:\/\/blogs.correiobraziliense.com.br\/vicente\/wp-json\/wp\/v2\/comments?post=15849"}],"version-history":[{"count":1,"href":"https:\/\/blogs.correiobraziliense.com.br\/vicente\/wp-json\/wp\/v2\/posts\/15849\/revisions"}],"predecessor-version":[{"id":15854,"href":"https:\/\/blogs.correiobraziliense.com.br\/vicente\/wp-json\/wp\/v2\/posts\/15849\/revisions\/15854"}],"wp:featuredmedia":[{"embeddable":true,"href":"https:\/\/blogs.correiobraziliense.com.br\/vicente\/wp-json\/wp\/v2\/media\/15853"}],"wp:attachment":[{"href":"https:\/\/blogs.correiobraziliense.com.br\/vicente\/wp-json\/wp\/v2\/media?parent=15849"}],"wp:term":[{"taxonomy":"category","embeddable":true,"href":"https:\/\/blogs.correiobraziliense.com.br\/vicente\/wp-json\/wp\/v2\/categories?post=15849"},{"taxonomy":"post_tag","embeddable":true,"href":"https:\/\/blogs.correiobraziliense.com.br\/vicente\/wp-json\/wp\/v2\/tags?post=15849"}],"curies":[{"name":"wp","href":"https:\/\/api.w.org\/{rel}","templated":true}]}}