{"id":15847,"date":"2020-09-15T16:52:07","date_gmt":"2020-09-15T19:52:07","guid":{"rendered":"https:\/\/blogs.correiobraziliense.com.br\/vicente\/?p=15847"},"modified":"2020-09-15T17:09:27","modified_gmt":"2020-09-15T20:09:27","slug":"sem-auxilio-emergencial-queda-do-pib-em-2020-seria-de-71-diz-mb-associados","status":"publish","type":"post","link":"https:\/\/blogs.correiobraziliense.com.br\/vicente\/sem-auxilio-emergencial-queda-do-pib-em-2020-seria-de-71-diz-mb-associados\/","title":{"rendered":"Sem aux\u00edlio emergencial, queda do PIB em 2020 seria de 7,1%, diz MB Associados"},"content":{"rendered":"<h2><span style=\"font-weight: 400\">ROSANA HESSEL<\/span><\/h2>\n<h2><\/h2>\n<h2><span style=\"font-weight: 400\">O auxilio emergencial de R$ 600 tem tido um papel importante para manter o padr\u00e3o de consumo do brasileiro durante a pandemia de covid-19. Ele tem evitado que a recess\u00e3o na qual o pa\u00eds est\u00e1 mergulhada neste ano seja ainda maior do que as previs\u00f5es do mercado. Sem essa ajuda do governo, a queda do Produto Interno Bruto (PIB) deste ano seria de 7,1% e, no ano que vem, o fim desse benef\u00edcio ainda vai impactar negativamente no PIB, em 2,4%, pelas estimativas da MB Associados.<\/span><\/h2>\n<p>&nbsp;<\/p>\n<p><span style=\"font-weight: 400\">A consultoria revisou recentemente de 5,3% para 4,8% a previs\u00e3o do PIB deste ano. Contudo, se n\u00e3o fosse o aux\u00edlio emergencial, que, pelas contas do economista-chefe da MB, Sergio Vale, o tombo do PIB neste ano chegaria a 7,1%. Ele considerou no c\u00e1lculo uma inje\u00e7\u00e3o de de R$ 332,4 bilh\u00f5es na economia com o benef\u00edcio, j\u00e1 considerando a parcela de R$ 300 de setembro at\u00e9 o fim do ano.<\/span><\/p>\n<p>&nbsp;<\/p>\n<p><span style=\"font-weight: 400\">A nova proje\u00e7\u00e3o da MB est\u00e1 em linha com a estimativa de queda de 4,7% do governo para este ano. Contudo, a consultoria j\u00e1 \u00e9 mais pessimista do que a equipe econ\u00f4mica em rela\u00e7\u00e3o a 2021. Enquanto o governo prev\u00ea crescimento de 3,2%, a MB estima uma alta modesta, em torno de 2,2%.<\/span><\/p>\n<p>&nbsp;<\/p>\n<p><span style=\"font-weight: 400\">De acordo com Vale, esse dado menor est\u00e1 relacionado com o fim do aux\u00edlio emergencial no ano que vem. \u201cConsiderando que o impacto de R$ 332,4 bilh\u00f5es deste ano no consumo ser\u00e1 zero no ano que vem, a queda no PIB poderia ser da ordem de 2,4%, que poder\u00e1 ser compensada, em parte, para recupera\u00e7\u00e3o c\u00edclica p\u00f3s pandemia, o que, no final, refor\u00e7a o cen\u00e1rio de crescimento baixo de 2,2% em 2021\u201d, explicou Vale, em entrevista ao <strong>Blog<\/strong>.<\/span><\/p>\n<p>&nbsp;<\/p>\n<p><span style=\"font-weight: 400\">Na avalia\u00e7\u00e3o do economista, n\u00e3o h\u00e1 tempo para uma discuss\u00e3o para a cria\u00e7\u00e3o do Renda Brasil, programa que o presidente Jair Bolsonaro pretendia criar no lugar do Bolsa Fam\u00edlia, mas que n\u00e3o tem encontrado espa\u00e7o no Or\u00e7amento de 2021 sem que o teto de gastos estoure. \u201cNo segundo semestre est\u00e1 congestionado politicamente e temos um presidente sem condi\u00e7\u00f5es pol\u00edticas de mudar o abono salarial e outros benef\u00edcios\u201d, destacou.<\/span><\/p>\n<p>&nbsp;<\/p>\n<p>Em comunicado em v\u00eddeo nas redes sociais, nesta ter\u00e7a-feira (15\/09), Bolsonaro se mostrou irritado com as propostas da equipe econ\u00f4mica para a cria\u00e7\u00e3o do Renda Brasil e avisou que o assunto n\u00e3o ser\u00e1 mais discutido neste ano e tamb\u00e9m nos anos seguintes do governo. &#8220;At\u00e9 2022, no meu governo, est\u00e1 proibido falar a palavra Renda Brasil. Vamos continuar com o Bolsa Fam\u00edlia e ponto final&#8221;, disse o chefe do Executivo.<\/p>\n<p>&nbsp;<\/p>\n","protected":false},"excerpt":{"rendered":"<p>ROSANA HESSEL O auxilio emergencial de R$ 600 tem tido um papel importante para manter o padr\u00e3o de consumo do brasileiro durante a pandemia de covid-19. Ele tem evitado que a recess\u00e3o na qual o pa\u00eds est\u00e1 mergulhada neste ano seja ainda maior do que as previs\u00f5es do mercado. Sem essa ajuda do governo, a [&hellip;]<\/p>\n","protected":false},"author":22,"featured_media":14207,"comment_status":"open","ping_status":"closed","sticky":false,"template":"","format":"standard","meta":{"footnotes":""},"categories":[600],"tags":[589,4841,58,31],"class_list":["post-15847","post","type-post","status-publish","format-standard","has-post-thumbnail","hentry","category-economia","tag-economia","tag-mb-associados","tag-pib","tag-recessao"],"_links":{"self":[{"href":"https:\/\/blogs.correiobraziliense.com.br\/vicente\/wp-json\/wp\/v2\/posts\/15847","targetHints":{"allow":["GET"]}}],"collection":[{"href":"https:\/\/blogs.correiobraziliense.com.br\/vicente\/wp-json\/wp\/v2\/posts"}],"about":[{"href":"https:\/\/blogs.correiobraziliense.com.br\/vicente\/wp-json\/wp\/v2\/types\/post"}],"author":[{"embeddable":true,"href":"https:\/\/blogs.correiobraziliense.com.br\/vicente\/wp-json\/wp\/v2\/users\/22"}],"replies":[{"embeddable":true,"href":"https:\/\/blogs.correiobraziliense.com.br\/vicente\/wp-json\/wp\/v2\/comments?post=15847"}],"version-history":[{"count":7,"href":"https:\/\/blogs.correiobraziliense.com.br\/vicente\/wp-json\/wp\/v2\/posts\/15847\/revisions"}],"predecessor-version":[{"id":15857,"href":"https:\/\/blogs.correiobraziliense.com.br\/vicente\/wp-json\/wp\/v2\/posts\/15847\/revisions\/15857"}],"wp:featuredmedia":[{"embeddable":true,"href":"https:\/\/blogs.correiobraziliense.com.br\/vicente\/wp-json\/wp\/v2\/media\/14207"}],"wp:attachment":[{"href":"https:\/\/blogs.correiobraziliense.com.br\/vicente\/wp-json\/wp\/v2\/media?parent=15847"}],"wp:term":[{"taxonomy":"category","embeddable":true,"href":"https:\/\/blogs.correiobraziliense.com.br\/vicente\/wp-json\/wp\/v2\/categories?post=15847"},{"taxonomy":"post_tag","embeddable":true,"href":"https:\/\/blogs.correiobraziliense.com.br\/vicente\/wp-json\/wp\/v2\/tags?post=15847"}],"curies":[{"name":"wp","href":"https:\/\/api.w.org\/{rel}","templated":true}]}}