{"id":15841,"date":"2020-09-15T15:15:52","date_gmt":"2020-09-15T18:15:52","guid":{"rendered":"https:\/\/blogs.correiobraziliense.com.br\/vicente\/?p=15841"},"modified":"2020-09-15T15:58:15","modified_gmt":"2020-09-15T18:58:15","slug":"a-fixacao-do-ministerio-de-paulo-guedes-em-tirar-beneficios-dos-mais-pobres","status":"publish","type":"post","link":"https:\/\/blogs.correiobraziliense.com.br\/vicente\/a-fixacao-do-ministerio-de-paulo-guedes-em-tirar-beneficios-dos-mais-pobres\/","title":{"rendered":"A fixa\u00e7\u00e3o do minist\u00e9rio de Paulo Guedes em tirar benef\u00edcios dos mais pobres"},"content":{"rendered":"<h2>A proposta de congelar aposentadorias e pens\u00f5es, inclusive de quem ganha um sal\u00e1rio m\u00ednimo por m\u00eas, para bancar o Renda Brasil n\u00e3o \u00e9 a primeira pol\u00eamica envolvendo o Minist\u00e9rio da Economia. O time de Paulo Guedes n\u00e3o se cansa de apresentar sugest\u00f5es para punir os mais pobres.<\/h2>\n<p>&nbsp;<\/p>\n<p>Em novembro do ano passado, por exemplo, o minist\u00e9rio de Guedes prop\u00f4s taxar em 7,5% o seguro-desemprego para bancar um novo programa do governo. O objetivo era arrecadar R$ 10 bilh\u00f5es justamente com o benef\u00edcio criado para ajudar trabalhadores que perdem o emprego.<\/p>\n<p>&nbsp;<\/p>\n<p>Mais recentemente, de olho no Renda Brasil, a equipe econ\u00f4mica de Guedes prop\u00f4s o fim do abono salarial, pago uma vez por ano a 23,2 milh\u00f5es de trabalhadores que recebem at\u00e9 dois sal\u00e1rios m\u00ednimo. Esse programa custa R$ 18,3 bilh\u00f5es. O pacote incluiria, ainda, o fim do sal\u00e1rio fam\u00edlia.<\/p>\n<p>&nbsp;<\/p>\n<p>Foi a\u00ed, por sinal, que come\u00e7ou o embate entre o presidente Jair Bolsonaro e o minist\u00e9rio de Paulo Guedes. O presidente, que est\u00e1 de olho nos votos da popula\u00e7\u00e3o de menor renda para a reelei\u00e7\u00e3o, disse que a discuss\u00e3o sobre o Renda Brasil estava suspensa at\u00e9 que a equipe econ\u00f4mica apresentasse sugest\u00f5es melhores.<\/p>\n<p>&nbsp;<\/p>\n<p><strong>Bolsonaro joga para a plateia<\/strong><\/p>\n<p>&nbsp;<\/p>\n<p>Ali, foi dado cart\u00e3o-amarelo para Guedes, que reconheceu que o presidente &#8220;havia lhe imposto um carrinho&#8221;, mas sem cometer p\u00eanalti. Bolsonaro disse que &#8220;n\u00e3o tiraria dos pobres para dar aos paup\u00e9rrimos&#8221;. Repetiu isso nesta ter\u00e7a-feira (15\/09), diante da proposta de congelamento de aposentadorias e pens\u00f5es.<\/p>\n<p>&nbsp;<\/p>\n<p>\u00c9 verdade que Bolsonaro est\u00e1 jogando para a plat\u00e9ia, pois quer se firmar como o &#8220;pai dos pobres&#8221;, aquele que protege os direitos dos mais necessitados. Contudo, \u00e9 importante ressaltar a fixa\u00e7\u00e3o da equipe de Paulo Guedes em propor sugest\u00f5es cujas maiores v\u00edtimas s\u00e3o aqueles que mais precisam.<\/p>\n<p>&nbsp;<\/p>\n<p>N\u00e3o se v\u00ea, por exemplo, a equipe econ\u00f4mica brigar pela taxa\u00e7\u00e3o das grandes fortunas. Nem defender, com \u00eanfase, a tributa\u00e7\u00e3o sobre lucros e dividendos. \u00c9 compreens\u00edvel. Os mais ricos fazem barulho e t\u00eam voz ativa no Minist\u00e9rio da Economia.<\/p>\n<p>&nbsp;<\/p>\n<p><em>Bras\u00edlia, 15h15min<\/em><\/p>\n","protected":false},"excerpt":{"rendered":"<p>A proposta de congelar aposentadorias e pens\u00f5es, inclusive de quem ganha um sal\u00e1rio m\u00ednimo por m\u00eas, para bancar o Renda Brasil n\u00e3o \u00e9 a primeira pol\u00eamica envolvendo o Minist\u00e9rio da Economia. O time de Paulo Guedes n\u00e3o se cansa de apresentar sugest\u00f5es para punir os mais pobres. &nbsp; Em novembro do ano passado, por exemplo, [&hellip;]<\/p>\n","protected":false},"author":22,"featured_media":15842,"comment_status":"open","ping_status":"closed","sticky":false,"template":"","format":"standard","meta":{"footnotes":""},"categories":[600],"tags":[430,2554,2533,3666,3613,2173,3519,4928],"class_list":["post-15841","post","type-post","status-publish","format-standard","has-post-thumbnail","hentry","category-economia","tag-aposentadoria","tag-bolsonaro","tag-congelamento","tag-ministerio-da-economia","tag-paulo-guedes","tag-pensoes","tag-pobres","tag-seguro-desemprego"],"_links":{"self":[{"href":"https:\/\/blogs.correiobraziliense.com.br\/vicente\/wp-json\/wp\/v2\/posts\/15841","targetHints":{"allow":["GET"]}}],"collection":[{"href":"https:\/\/blogs.correiobraziliense.com.br\/vicente\/wp-json\/wp\/v2\/posts"}],"about":[{"href":"https:\/\/blogs.correiobraziliense.com.br\/vicente\/wp-json\/wp\/v2\/types\/post"}],"author":[{"embeddable":true,"href":"https:\/\/blogs.correiobraziliense.com.br\/vicente\/wp-json\/wp\/v2\/users\/22"}],"replies":[{"embeddable":true,"href":"https:\/\/blogs.correiobraziliense.com.br\/vicente\/wp-json\/wp\/v2\/comments?post=15841"}],"version-history":[{"count":1,"href":"https:\/\/blogs.correiobraziliense.com.br\/vicente\/wp-json\/wp\/v2\/posts\/15841\/revisions"}],"predecessor-version":[{"id":15843,"href":"https:\/\/blogs.correiobraziliense.com.br\/vicente\/wp-json\/wp\/v2\/posts\/15841\/revisions\/15843"}],"wp:featuredmedia":[{"embeddable":true,"href":"https:\/\/blogs.correiobraziliense.com.br\/vicente\/wp-json\/wp\/v2\/media\/15842"}],"wp:attachment":[{"href":"https:\/\/blogs.correiobraziliense.com.br\/vicente\/wp-json\/wp\/v2\/media?parent=15841"}],"wp:term":[{"taxonomy":"category","embeddable":true,"href":"https:\/\/blogs.correiobraziliense.com.br\/vicente\/wp-json\/wp\/v2\/categories?post=15841"},{"taxonomy":"post_tag","embeddable":true,"href":"https:\/\/blogs.correiobraziliense.com.br\/vicente\/wp-json\/wp\/v2\/tags?post=15841"}],"curies":[{"name":"wp","href":"https:\/\/api.w.org\/{rel}","templated":true}]}}