{"id":15814,"date":"2020-09-15T10:31:05","date_gmt":"2020-09-15T13:31:05","guid":{"rendered":"https:\/\/blogs.correiobraziliense.com.br\/vicente\/?p=15814"},"modified":"2020-09-15T11:22:47","modified_gmt":"2020-09-15T14:22:47","slug":"no-ministerio-da-economia-clima-e-de-muita-tensao-e-de-medo-de-demissoes","status":"publish","type":"post","link":"https:\/\/blogs.correiobraziliense.com.br\/vicente\/no-ministerio-da-economia-clima-e-de-muita-tensao-e-de-medo-de-demissoes\/","title":{"rendered":"No Minist\u00e9rio da Economia, clima \u00e9 de muita tens\u00e3o e de medo de demiss\u00f5es"},"content":{"rendered":"<h2>As duras cr\u00edticas do presidente Jair Bolsonaro \u00e0s propostas da equipe econ\u00f4mica de <a href=\"https:\/\/www.correiobraziliense.com.br\/economia\/2020\/09\/4875445-bolsonaro-descarta-suspender-reajuste-a-aposentados-e-criacao-do-renda-brasil.html\">congelar aposentadorias e pens\u00f5es<\/a> para bancar o Renda Brasil ca\u00edram como uma bomba no Minist\u00e9rio da Economia. O temor \u00e9 de que o presidente exija do ministro da Economia, Paulo Guedes, a demiss\u00e3o de t\u00e9cnicos que lidam com o assunto.<\/h2>\n<p>&nbsp;<\/p>\n<p>&#8220;Tens\u00e3o geral por aqui&#8221;, limitou-se a dizer ao <strong>Blog<\/strong> um t\u00e9cnico do alto escal\u00e3o da Economia. Todos est\u00e3o esperando o retorno de Guedes, que foi chamado \u00e0s pressas ao Pal\u00e1cio do Planalto por Bolsonaro. Um ministro disse que nunca viu o presidente &#8220;<a href=\"https:\/\/blogs.correiobraziliense.com.br\/vicente\/nunca-vi-bolsonaro-tao-irritado-com-a-equipe-economica-diz-um-ministro\/\">t\u00e3o irritado com a equipe econ\u00f4mica<\/a>&#8220;. Bolsonaro falou em dar &#8220;cart\u00e3o vermelho&#8221; ao t\u00e9cnico que prop\u00f4s o congelamento de aposentadorias e pens\u00f5es.<\/p>\n<p>&nbsp;<\/p>\n<p>Na vis\u00e3o de Bolsonaro, ao propor medidas que afetam os mais pobres, a equipe econ\u00f4mica mina sua popularidade entre a popula\u00e7\u00e3o mais pobre, justamente na qual tem conseguido melhorar a imagem do governo. O presidente n\u00e3o est\u00e1 preocupado com a quest\u00e3o econ\u00f4mica, mas com a pol\u00edtica, visando a reelei\u00e7\u00e3o em 2022.<\/p>\n<p>&nbsp;<\/p>\n<p>Para a equipe econ\u00f4mica, a partir de agora, todas as discuss\u00f5es de medidas impopulares para equacionar as contas p\u00fablicas est\u00e3o congeladas. N\u00e3o h\u00e1 mais, segundo os t\u00e9cnicos, espa\u00e7o para debate p\u00fablico em rela\u00e7\u00e3o a temas considerados pol\u00eamicos por Bolsonaro.<\/p>\n<p>&nbsp;<\/p>\n<p>Resta saber, segundo os t\u00e9cnicos, como os investidores v\u00e3o lidar com Bolsonaro cada vez mais voltado para as elei\u00e7\u00f5es de 2022 e menos preocupado em buscar solu\u00e7\u00f5es para conter o deficit p\u00fablico e a escalada da d\u00edvida p\u00fabica, que caminha para 100% do Produto Interno Bruto (PIB).<\/p>\n<p>&nbsp;<\/p>\n<p><em>Bras\u00edlia, 10h31min<\/em><\/p>\n","protected":false},"excerpt":{"rendered":"<p>As duras cr\u00edticas do presidente Jair Bolsonaro \u00e0s propostas da equipe econ\u00f4mica de congelar aposentadorias e pens\u00f5es para bancar o Renda Brasil ca\u00edram como uma bomba no Minist\u00e9rio da Economia. O temor \u00e9 de que o presidente exija do ministro da Economia, Paulo Guedes, a demiss\u00e3o de t\u00e9cnicos que lidam com o assunto. &nbsp; &#8220;Tens\u00e3o [&hellip;]<\/p>\n","protected":false},"author":22,"featured_media":15307,"comment_status":"open","ping_status":"closed","sticky":false,"template":"","format":"standard","meta":{"footnotes":""},"categories":[600],"tags":[3315,2554,2533,22,360,3616,2173],"class_list":["post-15814","post","type-post","status-publish","format-standard","has-post-thumbnail","hentry","category-economia","tag-aposentadorias","tag-bolsonaro","tag-congelamento","tag-demissao","tag-equipe-economica","tag-guedes","tag-pensoes"],"_links":{"self":[{"href":"https:\/\/blogs.correiobraziliense.com.br\/vicente\/wp-json\/wp\/v2\/posts\/15814","targetHints":{"allow":["GET"]}}],"collection":[{"href":"https:\/\/blogs.correiobraziliense.com.br\/vicente\/wp-json\/wp\/v2\/posts"}],"about":[{"href":"https:\/\/blogs.correiobraziliense.com.br\/vicente\/wp-json\/wp\/v2\/types\/post"}],"author":[{"embeddable":true,"href":"https:\/\/blogs.correiobraziliense.com.br\/vicente\/wp-json\/wp\/v2\/users\/22"}],"replies":[{"embeddable":true,"href":"https:\/\/blogs.correiobraziliense.com.br\/vicente\/wp-json\/wp\/v2\/comments?post=15814"}],"version-history":[{"count":7,"href":"https:\/\/blogs.correiobraziliense.com.br\/vicente\/wp-json\/wp\/v2\/posts\/15814\/revisions"}],"predecessor-version":[{"id":15825,"href":"https:\/\/blogs.correiobraziliense.com.br\/vicente\/wp-json\/wp\/v2\/posts\/15814\/revisions\/15825"}],"wp:featuredmedia":[{"embeddable":true,"href":"https:\/\/blogs.correiobraziliense.com.br\/vicente\/wp-json\/wp\/v2\/media\/15307"}],"wp:attachment":[{"href":"https:\/\/blogs.correiobraziliense.com.br\/vicente\/wp-json\/wp\/v2\/media?parent=15814"}],"wp:term":[{"taxonomy":"category","embeddable":true,"href":"https:\/\/blogs.correiobraziliense.com.br\/vicente\/wp-json\/wp\/v2\/categories?post=15814"},{"taxonomy":"post_tag","embeddable":true,"href":"https:\/\/blogs.correiobraziliense.com.br\/vicente\/wp-json\/wp\/v2\/tags?post=15814"}],"curies":[{"name":"wp","href":"https:\/\/api.w.org\/{rel}","templated":true}]}}