{"id":1581,"date":"2016-06-22T20:23:13","date_gmt":"2016-06-22T23:23:13","guid":{"rendered":"https:\/\/blogs.correiobraziliense.com.br\/vicente\/?p=1581"},"modified":"2016-06-23T12:37:25","modified_gmt":"2016-06-23T15:37:25","slug":"romero-juca-ex-ministro-reina-em-reuniao-de-temer-com-integrantes-da-equipe-economica","status":"publish","type":"post","link":"https:\/\/blogs.correiobraziliense.com.br\/vicente\/romero-juca-ex-ministro-reina-em-reuniao-de-temer-com-integrantes-da-equipe-economica\/","title":{"rendered":"Romero Juc\u00e1, ex-ministro, reina em reuni\u00e3o de Temer com integrantes da equipe econ\u00f4mica"},"content":{"rendered":"<p>O poder do senador Romero Juc\u00e1 no governo interino de Michel Temer continua enorme. Hoje, em reuni\u00e3o\u00a0 do presidente com integrantes da equipe econ\u00f4mica, o ex-ministro do Planejamento, demitido ao ser delatado por S\u00e9rgio Machado, dominou boa parte das conversas. Foi como se nunca tivesse deixado o posto.<\/p>\n<p>&nbsp;<\/p>\n<p>Temer n\u00e3o escondeu a satisfa\u00e7\u00e3o de ter a presen\u00e7a do aliado no encontro que definiu estrat\u00e9gias para se tentar retomar o crescimento econ\u00f4mico. Dentro de 15 dias, todos os minist\u00e9rios ter\u00e3o de apresentar sugest\u00f5es para estimular a atividade.<\/p>\n<p>&nbsp;<\/p>\n<figure id=\"attachment_1582\" aria-describedby=\"caption-attachment-1582\" style=\"width: 456px\" class=\"wp-caption alignnone\"><a href=\"https:\/\/blogs.correiobraziliense.com.br\/vicente\/wp-content\/uploads\/sites\/16\/2016\/06\/TemerJuca.jpg\" rel=\"attachment wp-att-1582\"><img loading=\"lazy\" decoding=\"async\" class=\" wp-image-1582\" src=\"https:\/\/blogs.correiobraziliense.com.br\/vicente\/wp-content\/uploads\/sites\/16\/2016\/06\/TemerJuca-300x152.jpg\" alt=\"22\/06\/2016. Cr\u00e9dito: Lula Marques\/Ag\u00eancia PT. Brasil. Bras\u00edlia - DF. Presidente interino, Michel Temer, durante reuni\u00e3o com Ministros da \u00c1rea Econ\u00f4mica, no Pal\u00e1cio do Planalto.\" width=\"456\" height=\"231\" srcset=\"https:\/\/blogs.correiobraziliense.com.br\/vicente\/wp-content\/uploads\/sites\/16\/2016\/06\/TemerJuca-300x152.jpg 300w, https:\/\/blogs.correiobraziliense.com.br\/vicente\/wp-content\/uploads\/sites\/16\/2016\/06\/TemerJuca-768x390.jpg 768w, https:\/\/blogs.correiobraziliense.com.br\/vicente\/wp-content\/uploads\/sites\/16\/2016\/06\/TemerJuca-350x178.jpg 350w, https:\/\/blogs.correiobraziliense.com.br\/vicente\/wp-content\/uploads\/sites\/16\/2016\/06\/TemerJuca-550x279.jpg 550w, https:\/\/blogs.correiobraziliense.com.br\/vicente\/wp-content\/uploads\/sites\/16\/2016\/06\/TemerJuca-230x117.jpg 230w, https:\/\/blogs.correiobraziliense.com.br\/vicente\/wp-content\/uploads\/sites\/16\/2016\/06\/TemerJuca.jpg 800w\" sizes=\"auto, (max-width: 456px) 100vw, 456px\" \/><\/a><figcaption id=\"caption-attachment-1582\" class=\"wp-caption-text\">Foto: Lula Marques<\/figcaption><\/figure>\n","protected":false},"excerpt":{"rendered":"<p>O poder do senador Romero Juc\u00e1 no governo interino de Michel Temer continua enorme. Hoje, em reuni\u00e3o\u00a0 do presidente com integrantes da equipe econ\u00f4mica, o ex-ministro do Planejamento, demitido ao ser delatado por S\u00e9rgio Machado, dominou boa parte das conversas. Foi como se nunca tivesse deixado o posto. &nbsp; Temer n\u00e3o escondeu a satisfa\u00e7\u00e3o de [&hellip;]<\/p>\n","protected":false},"author":22,"featured_media":0,"comment_status":"open","ping_status":"closed","sticky":false,"template":"","format":"standard","meta":{"footnotes":""},"categories":[1],"tags":[255,360,111,361,187],"class_list":["post-1581","post","type-post","status-publish","format-standard","hentry","category-sem-categoria","tag-corrupcao","tag-equipe-economica","tag-michel-temer","tag-reuniao-no-planalto","tag-romero-juca"],"_links":{"self":[{"href":"https:\/\/blogs.correiobraziliense.com.br\/vicente\/wp-json\/wp\/v2\/posts\/1581","targetHints":{"allow":["GET"]}}],"collection":[{"href":"https:\/\/blogs.correiobraziliense.com.br\/vicente\/wp-json\/wp\/v2\/posts"}],"about":[{"href":"https:\/\/blogs.correiobraziliense.com.br\/vicente\/wp-json\/wp\/v2\/types\/post"}],"author":[{"embeddable":true,"href":"https:\/\/blogs.correiobraziliense.com.br\/vicente\/wp-json\/wp\/v2\/users\/22"}],"replies":[{"embeddable":true,"href":"https:\/\/blogs.correiobraziliense.com.br\/vicente\/wp-json\/wp\/v2\/comments?post=1581"}],"version-history":[{"count":1,"href":"https:\/\/blogs.correiobraziliense.com.br\/vicente\/wp-json\/wp\/v2\/posts\/1581\/revisions"}],"predecessor-version":[{"id":1583,"href":"https:\/\/blogs.correiobraziliense.com.br\/vicente\/wp-json\/wp\/v2\/posts\/1581\/revisions\/1583"}],"wp:attachment":[{"href":"https:\/\/blogs.correiobraziliense.com.br\/vicente\/wp-json\/wp\/v2\/media?parent=1581"}],"wp:term":[{"taxonomy":"category","embeddable":true,"href":"https:\/\/blogs.correiobraziliense.com.br\/vicente\/wp-json\/wp\/v2\/categories?post=1581"},{"taxonomy":"post_tag","embeddable":true,"href":"https:\/\/blogs.correiobraziliense.com.br\/vicente\/wp-json\/wp\/v2\/tags?post=1581"}],"curies":[{"name":"wp","href":"https:\/\/api.w.org\/{rel}","templated":true}]}}