{"id":15807,"date":"2020-09-15T10:01:29","date_gmt":"2020-09-15T13:01:29","guid":{"rendered":"https:\/\/blogs.correiobraziliense.com.br\/vicente\/?p=15807"},"modified":"2020-09-15T10:47:32","modified_gmt":"2020-09-15T13:47:32","slug":"nunca-vi-bolsonaro-tao-irritado-com-a-equipe-economica-diz-um-ministro","status":"publish","type":"post","link":"https:\/\/blogs.correiobraziliense.com.br\/vicente\/nunca-vi-bolsonaro-tao-irritado-com-a-equipe-economica-diz-um-ministro\/","title":{"rendered":"&#8220;Nunca vi Bolsonaro t\u00e3o irritado com a equipe econ\u00f4mica&#8221;, diz um ministro"},"content":{"rendered":"<h2>O clima esquentou no Pal\u00e1cio do Planalto. O presidente Jair Bolsonaro deu pulos de raiva diante das not\u00edcias de que o <a href=\"https:\/\/www.correiobraziliense.com.br\/economia\/2020\/09\/4875445-bolsonaro-descarta-suspender-reajuste-a-aposentados-e-criacao-do-renda-brasil.html\">governo est\u00e1 estudando congelar aposentadorias e pens\u00f5es<\/a> para economizar recursos para bancar o Renda Brasil.<\/h2>\n<p>&nbsp;<\/p>\n<p>&#8220;Nunca vi Bolsonaro t\u00e3o irritado com a equipe econ\u00f4mica&#8221;, diz um ministro com grande tr\u00e2nsito no Planalto. Dependendo do desenrolar do dia, pode ser que o ministro da Economia, Paulo Guedes, tenha que entregar a cabe\u00e7a de algu\u00e9m da sua equipe. O nome sugerido \u00e9 o do secret\u00e1rio especial da Fazenda, Waldery Rodrigues.<\/p>\n<p>&nbsp;<\/p>\n<p>Foi ele quem tornou p\u00fablico o estudo que est\u00e1 em andamento no governo em <a href=\"https:\/\/g1.globo.com\/economia\/noticia\/2020\/09\/13\/renda-brasil-area-economica-apoia-que-aposentados-fiquem-sem-aumento-por-ate-dois-anos.ghtml\">entrevista ao site G1<\/a>. Ele disse que a meta era economizar R$ 10 bilh\u00f5es por ano. Bolsonaro disse que, quem prop\u00f4s isso, merece &#8220;cart\u00e3o vermelho&#8221;.<\/p>\n<p>&nbsp;<\/p>\n<p>Diante de tamanho estresse, o presidente chamou Guedes ao Planalto com urg\u00eancia. O ministro teve que suspender sua participa\u00e7\u00e3o em um semin\u00e1rio on-line realizado pelas empresas do setor de telefonia.<\/p>\n<p>&nbsp;<\/p>\n<p>&#8220;Guedes ter\u00e1 que dar explica\u00e7\u00f5es muito boas ao presidente&#8221;, afirma o mesmo ministro. Bolsonaro gravou um v\u00eddeo logo cedo e postou em suas redes sociais. &#8220;Congelar aposentadorias, cortar aux\u00edlio para idosos e pobres com defici\u00eancia, um devaneio de algu\u00e9m que est\u00e1 desconectado com a realidade&#8221;, afirmou.<\/p>\n<p>&nbsp;<\/p>\n<p>Para Bolsonaro, &#8220;quem prop\u00f4s esse tipo de medida n\u00e3o tem cora\u00e7\u00e3o&#8221;. &#8220;Como j\u00e1 disse, jamais tiraria dinheiro dos pobres para dar aos paup\u00e9rrimos&#8221;. E assegurou que &#8220;est\u00e1 proibido falar em Renda Brasil&#8221; em seu governo.<\/p>\n<p>&nbsp;<\/p>\n<p><em>Bras\u00edlia, 10h01min<\/em><\/p>\n","protected":false},"excerpt":{"rendered":"<p>O clima esquentou no Pal\u00e1cio do Planalto. O presidente Jair Bolsonaro deu pulos de raiva diante das not\u00edcias de que o governo est\u00e1 estudando congelar aposentadorias e pens\u00f5es para economizar recursos para bancar o Renda Brasil. &nbsp; &#8220;Nunca vi Bolsonaro t\u00e3o irritado com a equipe econ\u00f4mica&#8221;, diz um ministro com grande tr\u00e2nsito no Planalto. Dependendo [&hellip;]<\/p>\n","protected":false},"author":22,"featured_media":15234,"comment_status":"open","ping_status":"closed","sticky":false,"template":"","format":"standard","meta":{"footnotes":""},"categories":[600],"tags":[],"class_list":["post-15807","post","type-post","status-publish","format-standard","has-post-thumbnail","hentry","category-economia"],"_links":{"self":[{"href":"https:\/\/blogs.correiobraziliense.com.br\/vicente\/wp-json\/wp\/v2\/posts\/15807","targetHints":{"allow":["GET"]}}],"collection":[{"href":"https:\/\/blogs.correiobraziliense.com.br\/vicente\/wp-json\/wp\/v2\/posts"}],"about":[{"href":"https:\/\/blogs.correiobraziliense.com.br\/vicente\/wp-json\/wp\/v2\/types\/post"}],"author":[{"embeddable":true,"href":"https:\/\/blogs.correiobraziliense.com.br\/vicente\/wp-json\/wp\/v2\/users\/22"}],"replies":[{"embeddable":true,"href":"https:\/\/blogs.correiobraziliense.com.br\/vicente\/wp-json\/wp\/v2\/comments?post=15807"}],"version-history":[{"count":5,"href":"https:\/\/blogs.correiobraziliense.com.br\/vicente\/wp-json\/wp\/v2\/posts\/15807\/revisions"}],"predecessor-version":[{"id":15812,"href":"https:\/\/blogs.correiobraziliense.com.br\/vicente\/wp-json\/wp\/v2\/posts\/15807\/revisions\/15812"}],"wp:featuredmedia":[{"embeddable":true,"href":"https:\/\/blogs.correiobraziliense.com.br\/vicente\/wp-json\/wp\/v2\/media\/15234"}],"wp:attachment":[{"href":"https:\/\/blogs.correiobraziliense.com.br\/vicente\/wp-json\/wp\/v2\/media?parent=15807"}],"wp:term":[{"taxonomy":"category","embeddable":true,"href":"https:\/\/blogs.correiobraziliense.com.br\/vicente\/wp-json\/wp\/v2\/categories?post=15807"},{"taxonomy":"post_tag","embeddable":true,"href":"https:\/\/blogs.correiobraziliense.com.br\/vicente\/wp-json\/wp\/v2\/tags?post=15807"}],"curies":[{"name":"wp","href":"https:\/\/api.w.org\/{rel}","templated":true}]}}