{"id":15804,"date":"2020-09-14T18:51:23","date_gmt":"2020-09-14T21:51:23","guid":{"rendered":"https:\/\/blogs.correiobraziliense.com.br\/vicente\/?p=15804"},"modified":"2020-09-14T19:23:57","modified_gmt":"2020-09-14T22:23:57","slug":"planalto-da-total-apoio-para-jair-renan-o-04-causar-nas-redes-sociais","status":"publish","type":"post","link":"https:\/\/blogs.correiobraziliense.com.br\/vicente\/planalto-da-total-apoio-para-jair-renan-o-04-causar-nas-redes-sociais\/","title":{"rendered":"Planalto d\u00e1 total apoio para Jair Renan, o 04, causar nas redes sociais"},"content":{"rendered":"<h2>O presidente Jair Bolsonaro est\u00e1 todo prosa com o filho mais novo, Jair Renan, o 04, que vem causando nas redes sociais. N\u00e3o por acaso, ele tem todo o apoio de integrantes do Pal\u00e1cio do Planalto para movimentar a internet.<\/h2>\n<p>&nbsp;<\/p>\n<p>Bolsonaro vibrou, na sexta-feira (11\/09), quando o 04 entrou para a lista dos assuntos mais comentados do Twitter ao responder a um seguidor no Instagram que &#8220;talvez&#8221; <a href=\"https:\/\/www.correiobraziliense.com.br\/politica\/2020\/09\/4874753-filho-04-de-bolsonaro-jair-renan-cogita-entrar-na-politica.html\">poderia seguir a carreira pol\u00edtica<\/a> como o pai e os irm\u00e3os Fl\u00e1vio (senador), Carlos (vereador) e Eduardo (deputado federal).<\/p>\n<p>&nbsp;<\/p>\n<p>A aliados pr\u00f3ximos, o presidente n\u00e3o escondeu a satisfa\u00e7\u00e3o com o furor em torno do filho mais novo, que, para ele, est\u00e1 fazendo tudo direitinho. No entender de Bolsonaro, o 04 &#8220;tem mais \u00e9 que fazer barulho mesmo para refor\u00e7ar&#8221; o espa\u00e7o da fam\u00edlia nas redes.<\/p>\n<p>&nbsp;<\/p>\n<p>Jair Renan tamb\u00e9m n\u00e3o escondeu a satisfa\u00e7\u00e3o com o retorno das redes, com o que ele classifica como &#8220;zoa\u00e7\u00e3o&#8221;. Enquanto Bolsonaro for presidente, o 04 n\u00e3o poder\u00e1 se candidatar a um cargo p\u00fablico. A Constitui\u00e7\u00e3o prev\u00ea que s\u00e3o ineleg\u00edveis o c\u00f4njuge e os parentes consangu\u00edneos, at\u00e9 o segundo grau ou por ado\u00e7\u00e3o, do presidente e de governadores e prefeitos dentro dos seis meses anteriores ao pleito, exceto se j\u00e1 titular de mandato eletivo e candidato \u00e0 reelei\u00e7\u00e3o.<\/p>\n<p>&nbsp;<\/p>\n<p>Al\u00e9m da quest\u00e3o pol\u00edtica, os internautas perguntaram ao 04 se ele est\u00e1 solteiro, se pretende se casar um dia e, remetendo a Bolsonaro sobre <a href=\"https:\/\/www.correiobraziliense.com.br\/app\/noticia\/politica\/2020\/04\/25\/interna_politica,848153\/discurso-de-bolsonaro-escancara-que-a-familia-esta-acima-de-tudo.shtml\">o filho ter pegado &#8220;metade do condom\u00ednio&#8221;<\/a> onde morava no Rio, se &#8220;havia sobrado alguma menina no condom\u00ednio&#8221;.\u00a0Ele respondeu: &#8220;Que eu lembre, n\u00e3o, hahaha&#8221;.<\/p>\n<p>&nbsp;<\/p>\n<p><em>Bras\u00edlia, 18h51min<\/em><\/p>\n","protected":false},"excerpt":{"rendered":"<p>O presidente Jair Bolsonaro est\u00e1 todo prosa com o filho mais novo, Jair Renan, o 04, que vem causando nas redes sociais. N\u00e3o por acaso, ele tem todo o apoio de integrantes do Pal\u00e1cio do Planalto para movimentar a internet. &nbsp; Bolsonaro vibrou, na sexta-feira (11\/09), quando o 04 entrou para a lista dos assuntos [&hellip;]<\/p>\n","protected":false},"author":22,"featured_media":15805,"comment_status":"open","ping_status":"closed","sticky":false,"template":"","format":"standard","meta":{"footnotes":""},"categories":[600],"tags":[2554,3028,4927,2731,2472,891],"class_list":["post-15804","post","type-post","status-publish","format-standard","has-post-thumbnail","hentry","category-economia","tag-bolsonaro","tag-candidato","tag-jair-renan","tag-planalto","tag-politico","tag-redes-sociais"],"_links":{"self":[{"href":"https:\/\/blogs.correiobraziliense.com.br\/vicente\/wp-json\/wp\/v2\/posts\/15804","targetHints":{"allow":["GET"]}}],"collection":[{"href":"https:\/\/blogs.correiobraziliense.com.br\/vicente\/wp-json\/wp\/v2\/posts"}],"about":[{"href":"https:\/\/blogs.correiobraziliense.com.br\/vicente\/wp-json\/wp\/v2\/types\/post"}],"author":[{"embeddable":true,"href":"https:\/\/blogs.correiobraziliense.com.br\/vicente\/wp-json\/wp\/v2\/users\/22"}],"replies":[{"embeddable":true,"href":"https:\/\/blogs.correiobraziliense.com.br\/vicente\/wp-json\/wp\/v2\/comments?post=15804"}],"version-history":[{"count":1,"href":"https:\/\/blogs.correiobraziliense.com.br\/vicente\/wp-json\/wp\/v2\/posts\/15804\/revisions"}],"predecessor-version":[{"id":15806,"href":"https:\/\/blogs.correiobraziliense.com.br\/vicente\/wp-json\/wp\/v2\/posts\/15804\/revisions\/15806"}],"wp:featuredmedia":[{"embeddable":true,"href":"https:\/\/blogs.correiobraziliense.com.br\/vicente\/wp-json\/wp\/v2\/media\/15805"}],"wp:attachment":[{"href":"https:\/\/blogs.correiobraziliense.com.br\/vicente\/wp-json\/wp\/v2\/media?parent=15804"}],"wp:term":[{"taxonomy":"category","embeddable":true,"href":"https:\/\/blogs.correiobraziliense.com.br\/vicente\/wp-json\/wp\/v2\/categories?post=15804"},{"taxonomy":"post_tag","embeddable":true,"href":"https:\/\/blogs.correiobraziliense.com.br\/vicente\/wp-json\/wp\/v2\/tags?post=15804"}],"curies":[{"name":"wp","href":"https:\/\/api.w.org\/{rel}","templated":true}]}}