{"id":15800,"date":"2020-09-13T12:01:48","date_gmt":"2020-09-13T15:01:48","guid":{"rendered":"https:\/\/blogs.correiobraziliense.com.br\/vicente\/?p=15800"},"modified":"2020-09-13T12:29:10","modified_gmt":"2020-09-13T15:29:10","slug":"paulo-guedes-perdeu-muita-influencia-sobre-bolsonaro-diz-um-ministro","status":"publish","type":"post","link":"https:\/\/blogs.correiobraziliense.com.br\/vicente\/paulo-guedes-perdeu-muita-influencia-sobre-bolsonaro-diz-um-ministro\/","title":{"rendered":"&#8220;Paulo Guedes perdeu muita influ\u00eancia sobre Bolsonaro&#8221;, diz um ministro"},"content":{"rendered":"<h2>Um dos ministros mais pr\u00f3ximos do presidente Jair Bolsonaro assegura que seu colega da Economia, Paulo Guedes, o Posto Ipiranga, perdeu muito da influ\u00eancia que tinha sobre o chefe do Executivo.<\/h2>\n<p>&nbsp;<\/p>\n<p>&#8220;N\u00f3s, que estamos no dia a dia do governo, que falamos diariamente com o presidente, estamos cientes de que Paulo Guedes j\u00e1 n\u00e3o faz tanto a cabe\u00e7a do chefe&#8221;, afirma o ministro. &#8220;Diria que a rela\u00e7\u00e3o entre eles hoje \u00e9 mediana&#8221;, acrescenta.<\/p>\n<p>&nbsp;<\/p>\n<p>A avalia\u00e7\u00e3o no Pal\u00e1cio do Planalto \u00e9 a de que Guedes, para reconquistar espa\u00e7o no cora\u00e7\u00e3o de Bolsonaro, ter\u00e1 que mostrar resultados muito bons na economia nos pr\u00f3ximos dois anos. Isso \u00e9 considerado vital para a reelei\u00e7\u00e3o do presidente.<\/p>\n<p>&nbsp;<\/p>\n<p>&#8220;N\u00e3o bastam promessas. \u00c9 preciso entregar&#8221;, diz o mesmo ministro. &#8220;Antes da pandemia do novo coronav\u00edrus, o ritmo de recupera\u00e7\u00e3o vinha aqu\u00e9m do desejado. Com a covid, foi um desastre. O aux\u00edlio emergencial reduziu parte dos estragos, mas 2021 e 2022 ter\u00e3o que ser muito bons&#8221;, emenda.<\/p>\n<p>&nbsp;<\/p>\n<p>A press\u00e3o sobre Guedes ser\u00e1 maior por causa do risco de volta da infla\u00e7\u00e3o diante da disparada dos pre\u00e7os do alimentos. O Minist\u00e9rio da Economia reclamou de uma a\u00e7\u00e3o do Minist\u00e9rio da Justi\u00e7a, que interpelou redes de supermercados pelos reajustes, mas Bolsonaro deu aval ao movimento do ministro Andr\u00e9 Mendon\u00e7a.<\/p>\n<p>&nbsp;<\/p>\n<p>Se a carestia se estender por muito tempo, o Planalto est\u00e1 certo de que parte do apoio que o presidente conquistou entre a popula\u00e7\u00e3o de mais baixa renda, sobretudo no Nordeste, vai se perder rapidinho. Infla\u00e7\u00e3o alta, puxada pela comida, \u00e9 o pior imposto sobre os pobres. Guedes que se cuide.<\/p>\n<p>&nbsp;<\/p>\n<p><em>Bras\u00edlia, 12h01min<\/em><\/p>\n","protected":false},"excerpt":{"rendered":"<p>Um dos ministros mais pr\u00f3ximos do presidente Jair Bolsonaro assegura que seu colega da Economia, Paulo Guedes, o Posto Ipiranga, perdeu muito da influ\u00eancia que tinha sobre o chefe do Executivo. &nbsp; &#8220;N\u00f3s, que estamos no dia a dia do governo, que falamos diariamente com o presidente, estamos cientes de que Paulo Guedes j\u00e1 n\u00e3o [&hellip;]<\/p>\n","protected":false},"author":22,"featured_media":15307,"comment_status":"open","ping_status":"closed","sticky":false,"template":"","format":"standard","meta":{"footnotes":""},"categories":[600],"tags":[4573,2554,113,589,4920,914,3613],"class_list":["post-15800","post","type-post","status-publish","format-standard","has-post-thumbnail","hentry","category-economia","tag-auxilio-emergencial","tag-bolsonaro","tag-crescimento","tag-economia","tag-influencia","tag-ministro","tag-paulo-guedes"],"_links":{"self":[{"href":"https:\/\/blogs.correiobraziliense.com.br\/vicente\/wp-json\/wp\/v2\/posts\/15800","targetHints":{"allow":["GET"]}}],"collection":[{"href":"https:\/\/blogs.correiobraziliense.com.br\/vicente\/wp-json\/wp\/v2\/posts"}],"about":[{"href":"https:\/\/blogs.correiobraziliense.com.br\/vicente\/wp-json\/wp\/v2\/types\/post"}],"author":[{"embeddable":true,"href":"https:\/\/blogs.correiobraziliense.com.br\/vicente\/wp-json\/wp\/v2\/users\/22"}],"replies":[{"embeddable":true,"href":"https:\/\/blogs.correiobraziliense.com.br\/vicente\/wp-json\/wp\/v2\/comments?post=15800"}],"version-history":[{"count":1,"href":"https:\/\/blogs.correiobraziliense.com.br\/vicente\/wp-json\/wp\/v2\/posts\/15800\/revisions"}],"predecessor-version":[{"id":15801,"href":"https:\/\/blogs.correiobraziliense.com.br\/vicente\/wp-json\/wp\/v2\/posts\/15800\/revisions\/15801"}],"wp:featuredmedia":[{"embeddable":true,"href":"https:\/\/blogs.correiobraziliense.com.br\/vicente\/wp-json\/wp\/v2\/media\/15307"}],"wp:attachment":[{"href":"https:\/\/blogs.correiobraziliense.com.br\/vicente\/wp-json\/wp\/v2\/media?parent=15800"}],"wp:term":[{"taxonomy":"category","embeddable":true,"href":"https:\/\/blogs.correiobraziliense.com.br\/vicente\/wp-json\/wp\/v2\/categories?post=15800"},{"taxonomy":"post_tag","embeddable":true,"href":"https:\/\/blogs.correiobraziliense.com.br\/vicente\/wp-json\/wp\/v2\/tags?post=15800"}],"curies":[{"name":"wp","href":"https:\/\/api.w.org\/{rel}","templated":true}]}}