{"id":1578,"date":"2016-06-22T18:30:48","date_gmt":"2016-06-22T21:30:48","guid":{"rendered":"https:\/\/blogs.correiobraziliense.com.br\/vicente\/?p=1578"},"modified":"2016-06-23T12:44:42","modified_gmt":"2016-06-23T15:44:42","slug":"no-mercado-paralelo-tocha-vale-ate-r-200-mil","status":"publish","type":"post","link":"https:\/\/blogs.correiobraziliense.com.br\/vicente\/no-mercado-paralelo-tocha-vale-ate-r-200-mil\/","title":{"rendered":"No mercado paralelo, tocha vale at\u00e9 R$ 200 mil"},"content":{"rendered":"<p>POR MARLLA SABINO<\/p>\n<p>&nbsp;<\/p>\n<p>Carregar a tocha ol\u00edmpica \u00e9 um privil\u00e9gio. Apenas 12 mil pessoas ter\u00e3o a oportunidade de viver esse momento hist\u00f3rico durante o revezamento que visitar\u00e1, ao todo, 250 cidades do Brasil. Mas, alguns desses sortudos est\u00e3o tentando encher o bolso com a venda do objeto. Em sites como Mercado Livre e OLX, os valores cobrados podem ser alt\u00edssimos, chegando a R$ 200 mil.<\/p>\n<p>&nbsp;<\/p>\n<p>A filha da ex-secret\u00e1ria Gra\u00e7a Maria Manguinho, 54 anos, foi escolhida para carregar a tocha pelas ruas do Recife em concurso realizado por um dos patrocinadores da Olimp\u00edada do Rio de Janeiro. Ela p\u00f4de lev\u00e1-la para casa sem pagar nada, colocou-a \u00e0 venda por R$ 50 mil. A m\u00e3e justificou a atitude como meio de possibilitar que a filha, de 19 anos, possa fazer o curso superior de agronomia para o qual foi aprovada. A jovem n\u00e3o pode deixar o emprego, que \u00e9 a renda da fam\u00edlia, para frequentar as aulas.<\/p>\n<p>&nbsp;<\/p>\n<p>\u201cQueria o dinheiro para nos sustentar e permitir que ela realizasse o sonho de ter um diploma\u201d, explicou Gra\u00e7a. Ela afirmou, por\u00e9m, que se arrependeu ao ler os coment\u00e1rios negativos de internautas. \u201cAs pessoas n\u00e3o entenderam a situa\u00e7\u00e3o que vivemos\u201d, disse.<\/p>\n<p>&nbsp;<\/p>\n<p><a href=\"https:\/\/blogs.correiobraziliense.com.br\/vicente\/wp-content\/uploads\/sites\/16\/2016\/06\/Tocha.jpg\" rel=\"attachment wp-att-1579\"><img loading=\"lazy\" decoding=\"async\" class=\"alignnone wp-image-1579\" src=\"https:\/\/blogs.correiobraziliense.com.br\/vicente\/wp-content\/uploads\/sites\/16\/2016\/06\/Tocha-289x300.jpg\" alt=\"Tocha\" width=\"488\" height=\"507\" srcset=\"https:\/\/blogs.correiobraziliense.com.br\/vicente\/wp-content\/uploads\/sites\/16\/2016\/06\/Tocha-289x300.jpg 289w, https:\/\/blogs.correiobraziliense.com.br\/vicente\/wp-content\/uploads\/sites\/16\/2016\/06\/Tocha-768x797.jpg 768w, https:\/\/blogs.correiobraziliense.com.br\/vicente\/wp-content\/uploads\/sites\/16\/2016\/06\/Tocha-337x350.jpg 337w, https:\/\/blogs.correiobraziliense.com.br\/vicente\/wp-content\/uploads\/sites\/16\/2016\/06\/Tocha-550x571.jpg 550w, https:\/\/blogs.correiobraziliense.com.br\/vicente\/wp-content\/uploads\/sites\/16\/2016\/06\/Tocha-230x239.jpg 230w, https:\/\/blogs.correiobraziliense.com.br\/vicente\/wp-content\/uploads\/sites\/16\/2016\/06\/Tocha.jpg 858w\" sizes=\"auto, (max-width: 488px) 100vw, 488px\" \/><\/a><\/p>\n<p>&nbsp;<\/p>\n<p>Nas p\u00e1ginas de an\u00fancios, h\u00e1 ofertas mais em conta. O estudante Jefferson Fonseca, 31 anos, que participou do revezamento no munic\u00edpio de Granja (CE), est\u00e1 vendendo a tocha por R$ 15 mil. Desempregado h\u00e1 quase um ano, ele pretende usar o dinheiro para pagar as mensalidades atrasadas da faculdade de educa\u00e7\u00e3o f\u00edsica. \u201cA maioria das pessoas est\u00e1 procurando resolver algum problema financeiro\u201d, avaliou.<\/p>\n<p>&nbsp;<\/p>\n<p>Os condutores selecionados pelos patrocinadores oficiais ganharam a tocha de presente. Mas os que foram convidados por prefeituras e pelo Comit\u00ea Organizador dos Jogos Ol\u00edmpicos tiveram que compr\u00e1-la por R$ 1.985,90. \u00c9 o caso do estudante Felipe de Santa Ritta e Rondina, 18 anos, que fez parte do percurso pelo Lago Parano\u00e1, em Bras\u00edlia. \u201c\u00c9 caro, mas \u00e9 algo \u00fanico, que poucas pessoas t\u00eam. Pretendo deixar a tocha exposta na minha casa para mostrar aos meus descendentes\u201d, contou. O Comit\u00ea Organizador informou que n\u00e3o pro\u00edbe a venda nem interfere na decis\u00e3o das pessoas.<\/p>\n<p>&nbsp;<\/p>\n<p><em>Bras\u00edlia, 18h30min<\/em><\/p>\n","protected":false},"excerpt":{"rendered":"<p>POR MARLLA SABINO &nbsp; Carregar a tocha ol\u00edmpica \u00e9 um privil\u00e9gio. Apenas 12 mil pessoas ter\u00e3o a oportunidade de viver esse momento hist\u00f3rico durante o revezamento que visitar\u00e1, ao todo, 250 cidades do Brasil. Mas, alguns desses sortudos est\u00e3o tentando encher o bolso com a venda do objeto. Em sites como Mercado Livre e OLX, [&hellip;]<\/p>\n","protected":false},"author":22,"featured_media":0,"comment_status":"open","ping_status":"closed","sticky":false,"template":"","format":"standard","meta":{"footnotes":""},"categories":[1],"tags":[369,366,278,367,368,365],"class_list":["post-1578","post","type-post","status-publish","format-standard","hentry","category-sem-categoria","tag-faculdade","tag-mercado-paralelo","tag-olimpiadas","tag-r-200-mil","tag-sonho","tag-tocha"],"_links":{"self":[{"href":"https:\/\/blogs.correiobraziliense.com.br\/vicente\/wp-json\/wp\/v2\/posts\/1578","targetHints":{"allow":["GET"]}}],"collection":[{"href":"https:\/\/blogs.correiobraziliense.com.br\/vicente\/wp-json\/wp\/v2\/posts"}],"about":[{"href":"https:\/\/blogs.correiobraziliense.com.br\/vicente\/wp-json\/wp\/v2\/types\/post"}],"author":[{"embeddable":true,"href":"https:\/\/blogs.correiobraziliense.com.br\/vicente\/wp-json\/wp\/v2\/users\/22"}],"replies":[{"embeddable":true,"href":"https:\/\/blogs.correiobraziliense.com.br\/vicente\/wp-json\/wp\/v2\/comments?post=1578"}],"version-history":[{"count":1,"href":"https:\/\/blogs.correiobraziliense.com.br\/vicente\/wp-json\/wp\/v2\/posts\/1578\/revisions"}],"predecessor-version":[{"id":1580,"href":"https:\/\/blogs.correiobraziliense.com.br\/vicente\/wp-json\/wp\/v2\/posts\/1578\/revisions\/1580"}],"wp:attachment":[{"href":"https:\/\/blogs.correiobraziliense.com.br\/vicente\/wp-json\/wp\/v2\/media?parent=1578"}],"wp:term":[{"taxonomy":"category","embeddable":true,"href":"https:\/\/blogs.correiobraziliense.com.br\/vicente\/wp-json\/wp\/v2\/categories?post=1578"},{"taxonomy":"post_tag","embeddable":true,"href":"https:\/\/blogs.correiobraziliense.com.br\/vicente\/wp-json\/wp\/v2\/tags?post=1578"}],"curies":[{"name":"wp","href":"https:\/\/api.w.org\/{rel}","templated":true}]}}