{"id":15778,"date":"2020-09-11T21:08:23","date_gmt":"2020-09-12T00:08:23","guid":{"rendered":"https:\/\/blogs.correiobraziliense.com.br\/vicente\/?p=15778"},"modified":"2020-09-22T13:44:11","modified_gmt":"2020-09-22T16:44:11","slug":"governo-cria-nova-cota-para-importacao-de-etanol-dos-eua","status":"publish","type":"post","link":"https:\/\/blogs.correiobraziliense.com.br\/vicente\/governo-cria-nova-cota-para-importacao-de-etanol-dos-eua\/","title":{"rendered":"Governo cria nova cota para importa\u00e7\u00e3o de etanol dos EUA"},"content":{"rendered":"<p>ROSANA HESSEL<\/p>\n<p>&nbsp;<\/p>\n<p>O Comit\u00ea-Executivo de Gest\u00e3o (Gecex), n\u00facleo executivo colegiado da C\u00e2mara de Com\u00e9rcio Exterior (Camex), aprovou uma nova cota, de 187,5 milh\u00f5es de litros, para a importa\u00e7\u00e3o de etanol dos Estados Unidos nos pr\u00f3ximos 90 dias, com imposto zerado.<\/p>\n<p>&nbsp;<\/p>\n<p>A nova cota ter\u00e1 validade de tr\u00eas meses, a partir do dia seguinte \u00e0 data de publica\u00e7\u00e3o no <em>Di\u00e1rio Oficial da Uni\u00e3o.<\/em>\u00a0A decis\u00e3o foi tomada nesta sexta-feira (11\/9), durante a 174\u00aa reuni\u00e3o,\u00a0 do Gecex, conforme comunicado do Minist\u00e9rio da Economia.<\/p>\n<p>&nbsp;<\/p>\n<p>O acordo anterior, com cota de 750 milh\u00f5es de litros, venceu em 31 de agosto. O imposto de importa\u00e7\u00e3o do etanol \u00e9 de 20%, com a nova cota, o volume do produto dentro desse limite ter\u00e1 isen\u00e7\u00e3o tribut\u00e1ria.<\/p>\n<p>&nbsp;<\/p>\n<p>O Minist\u00e9rio das Rela\u00e7\u00f5es Exteriores (MRE) e o escrit\u00f3rio do Representante de Com\u00e9rcio dos Estados Unidos (USTR, na sigla em ingl\u00eas) divulgaram uma declara\u00e7\u00e3o conjunta informando que os dois governos\u00a0<span style=\"font-weight: 400\">realizaram consultas sobre seu com\u00e9rcio bilateral em etanol e devem continuar com discuss\u00f5es nos pr\u00f3ximos 90 dias. Nesse per\u00edodo, a nova cota estar\u00e1 em vigor. <\/span><\/p>\n<p>&nbsp;<\/p>\n<p><span style=\"font-weight: 400\">\u201cComo resultado, decidiram realizar discuss\u00f5es orientadas a obter resultados acerca de um arranjo para aumentar o acesso ao mercado de etanol e a\u00e7\u00facar no Brasil e nos Estados Unidos. Tamb\u00e9m considerar\u00e3o um incremento no acesso ao mercado de milho em ambos os pa\u00edses\u201d, destacou a nota conjunta divulgada pelo Itamaraty.<\/span><\/p>\n<p>&nbsp;<\/p>\n<p><span style=\"font-weight: 400\">Segundo o documento, os dois pa\u00edses tamb\u00e9m discutir\u00e3o maneiras de garantir que haja um acesso justo ao mercado paralelamente a qualquer aumento no consumo de etanol, bem como de coordenar-se e garantir que as ind\u00fastrias de etanol em ambos os pa\u00edses sejam tratadas de maneira justa e se beneficiem de mudan\u00e7as regulat\u00f3rias futuras em produtos de biocombust\u00edveis no Brasil e nos Estados Unidos. As discuss\u00f5es devem buscar alcan\u00e7ar resultados rec\u00edprocos e proporcionais que gerem com\u00e9rcio e abram mercados para o benef\u00edcio de ambos os pa\u00edses.<\/span><\/p>\n<p>&nbsp;<\/p>\n<p><span style=\"font-weight: 400\">&#8220;As referidas discuss\u00f5es ocorrer\u00e3o em um per\u00edodo de 90 dias que come\u00e7a em 14 de setembro de 2020. Durante esse per\u00edodo, o Brasil manter\u00e1 uma quota tarif\u00e1ria pro-rata (TRQ), proporcional ao volume anual total da TRQ que vigia em 30 de agosto de 2020&#8221;, destacou o documento.<\/span><\/p>\n<p>&nbsp;<\/p>\n<p>Na \u00faltima quarta-feira, em reuni\u00e3o extraordin\u00e1ria do Gecex, o governo criou uma <a href=\"https:\/\/blogs.correiobraziliense.com.br\/vicente\/governo-cria-cota-para-permitir-importacao-de-arroz-sem-imposto\/\">cota<\/a> de 400 mil toneladas de arroz com imposto de importa\u00e7\u00e3o zerado at\u00e9 o fim do ano para pa\u00edses fora do Mercosul, devido \u00e0 forte alta no pre\u00e7o do produto. De acordo com dados do Instituto Brasileiro de Geografia e Estat\u00edstica (IBGE), a alta acumulada no ano foi de 19,2%, enquanto a infla\u00e7\u00e3o oficial ficou em 0,7% no mesmo per\u00edodo.<\/p>\n<p>&nbsp;<\/p>\n<p>&nbsp;<\/p>\n","protected":false},"excerpt":{"rendered":"<p>ROSANA HESSEL &nbsp; O Comit\u00ea-Executivo de Gest\u00e3o (Gecex), n\u00facleo executivo colegiado da C\u00e2mara de Com\u00e9rcio Exterior (Camex), aprovou uma nova cota, de 187,5 milh\u00f5es de litros, para a importa\u00e7\u00e3o de etanol dos Estados Unidos nos pr\u00f3ximos 90 dias, com imposto zerado. &nbsp; A nova cota ter\u00e1 validade de tr\u00eas meses, a partir do dia seguinte [&hellip;]<\/p>\n","protected":false},"author":22,"featured_media":0,"comment_status":"open","ping_status":"closed","sticky":false,"template":"","format":"standard","meta":{"footnotes":""},"categories":[600],"tags":[1144,363,1458,4919,3666,4918],"class_list":["post-15778","post","type-post","status-publish","format-standard","hentry","category-economia","tag-camex","tag-estados-unidos","tag-etanol","tag-gecex","tag-ministerio-da-economia","tag-mre"],"_links":{"self":[{"href":"https:\/\/blogs.correiobraziliense.com.br\/vicente\/wp-json\/wp\/v2\/posts\/15778","targetHints":{"allow":["GET"]}}],"collection":[{"href":"https:\/\/blogs.correiobraziliense.com.br\/vicente\/wp-json\/wp\/v2\/posts"}],"about":[{"href":"https:\/\/blogs.correiobraziliense.com.br\/vicente\/wp-json\/wp\/v2\/types\/post"}],"author":[{"embeddable":true,"href":"https:\/\/blogs.correiobraziliense.com.br\/vicente\/wp-json\/wp\/v2\/users\/22"}],"replies":[{"embeddable":true,"href":"https:\/\/blogs.correiobraziliense.com.br\/vicente\/wp-json\/wp\/v2\/comments?post=15778"}],"version-history":[{"count":14,"href":"https:\/\/blogs.correiobraziliense.com.br\/vicente\/wp-json\/wp\/v2\/posts\/15778\/revisions"}],"predecessor-version":[{"id":15976,"href":"https:\/\/blogs.correiobraziliense.com.br\/vicente\/wp-json\/wp\/v2\/posts\/15778\/revisions\/15976"}],"wp:attachment":[{"href":"https:\/\/blogs.correiobraziliense.com.br\/vicente\/wp-json\/wp\/v2\/media?parent=15778"}],"wp:term":[{"taxonomy":"category","embeddable":true,"href":"https:\/\/blogs.correiobraziliense.com.br\/vicente\/wp-json\/wp\/v2\/categories?post=15778"},{"taxonomy":"post_tag","embeddable":true,"href":"https:\/\/blogs.correiobraziliense.com.br\/vicente\/wp-json\/wp\/v2\/tags?post=15778"}],"curies":[{"name":"wp","href":"https:\/\/api.w.org\/{rel}","templated":true}]}}