{"id":15763,"date":"2020-09-11T12:15:28","date_gmt":"2020-09-11T15:15:28","guid":{"rendered":"https:\/\/blogs.correiobraziliense.com.br\/vicente\/?p=15763"},"modified":"2020-09-11T12:35:46","modified_gmt":"2020-09-11T15:35:46","slug":"anvisa-se-reune-com-agencia-inglesa-para-definir-futuro-da-vacina-de-oxford","status":"publish","type":"post","link":"https:\/\/blogs.correiobraziliense.com.br\/vicente\/anvisa-se-reune-com-agencia-inglesa-para-definir-futuro-da-vacina-de-oxford\/","title":{"rendered":"Anvisa se re\u00fane com ag\u00eancia inglesa para definir futuro da vacina de Oxford"},"content":{"rendered":"<h2>A ag\u00eancia Nacional de Vigil\u00e2ncia Sanit\u00e1ria (Anvisa) re\u00fane-se hoje com representantes da ag\u00eancia inglesa que regula o setor de sa\u00fade para definirem, em conjunto, os pr\u00f3ximos passos da vacina contra a covid-19 que vem sendo testada pela Universidade de Oxford e o laborat\u00f3rio AstraZeneca.<\/h2>\n<p>&nbsp;<\/p>\n<p>Os testes foram suspensos depois de uma paciente apresentar sintomas graves. Trata-se de uma mulher que mora no Reino Unido e apresentou problemas neurol\u00f3gicos consistentes, com uma doen\u00e7a espinhal inflamat\u00f3ria chamada mielite transversa. N\u00e3o se sabe ainda se realmente a doen\u00e7a foi provocada pela vacina.<\/p>\n<p>&nbsp;<\/p>\n<p>Os testes do imunizante desenvolvido pela AstraZeneca em parceria com Oxford est\u00e3o na fase tr\u00eas, a \u00faltima antes de os \u00f3rg\u00e3os reguladores definirem se aprovam ou n\u00e3o a aplica\u00e7\u00e3o em massa. O Brasil est\u00e1 entre os pa\u00edses que v\u00eam testando a vacina.<\/p>\n<p>&nbsp;<\/p>\n<p>Segundo especialistas, rea\u00e7\u00f5es adversas s\u00e3o comuns em testes de vacina. Por isso, todo o cuidado com o imunizante. O fato de a Oxford ter tornado p\u00fablico o problema indica o quanto os testes s\u00e3o cuidadosos e o quanto t\u00eam sido feitos com transpar\u00eancia.<\/p>\n<p>&nbsp;<\/p>\n<p>\u00c9 muito grande a expectativa em torno das vacinas contra a covid-19, que continua matando em s\u00e9rie no mundo inteiro. Nesta sexta-feira (11\/09), o Brasil deve superar a marca de 130 mil v\u00edtimas do novo coronav\u00edrus.<\/p>\n<p>&nbsp;<\/p>\n<p><em>Bras\u00edlia, 12h15min<\/em><\/p>\n","protected":false},"excerpt":{"rendered":"<p>A ag\u00eancia Nacional de Vigil\u00e2ncia Sanit\u00e1ria (Anvisa) re\u00fane-se hoje com representantes da ag\u00eancia inglesa que regula o setor de sa\u00fade para definirem, em conjunto, os pr\u00f3ximos passos da vacina contra a covid-19 que vem sendo testada pela Universidade de Oxford e o laborat\u00f3rio AstraZeneca. &nbsp; Os testes foram suspensos depois de uma paciente apresentar sintomas [&hellip;]<\/p>\n","protected":false},"author":22,"featured_media":13413,"comment_status":"open","ping_status":"closed","sticky":false,"template":"","format":"standard","meta":{"footnotes":""},"categories":[600],"tags":[],"class_list":["post-15763","post","type-post","status-publish","format-standard","has-post-thumbnail","hentry","category-economia"],"_links":{"self":[{"href":"https:\/\/blogs.correiobraziliense.com.br\/vicente\/wp-json\/wp\/v2\/posts\/15763","targetHints":{"allow":["GET"]}}],"collection":[{"href":"https:\/\/blogs.correiobraziliense.com.br\/vicente\/wp-json\/wp\/v2\/posts"}],"about":[{"href":"https:\/\/blogs.correiobraziliense.com.br\/vicente\/wp-json\/wp\/v2\/types\/post"}],"author":[{"embeddable":true,"href":"https:\/\/blogs.correiobraziliense.com.br\/vicente\/wp-json\/wp\/v2\/users\/22"}],"replies":[{"embeddable":true,"href":"https:\/\/blogs.correiobraziliense.com.br\/vicente\/wp-json\/wp\/v2\/comments?post=15763"}],"version-history":[{"count":1,"href":"https:\/\/blogs.correiobraziliense.com.br\/vicente\/wp-json\/wp\/v2\/posts\/15763\/revisions"}],"predecessor-version":[{"id":15764,"href":"https:\/\/blogs.correiobraziliense.com.br\/vicente\/wp-json\/wp\/v2\/posts\/15763\/revisions\/15764"}],"wp:featuredmedia":[{"embeddable":true,"href":"https:\/\/blogs.correiobraziliense.com.br\/vicente\/wp-json\/wp\/v2\/media\/13413"}],"wp:attachment":[{"href":"https:\/\/blogs.correiobraziliense.com.br\/vicente\/wp-json\/wp\/v2\/media?parent=15763"}],"wp:term":[{"taxonomy":"category","embeddable":true,"href":"https:\/\/blogs.correiobraziliense.com.br\/vicente\/wp-json\/wp\/v2\/categories?post=15763"},{"taxonomy":"post_tag","embeddable":true,"href":"https:\/\/blogs.correiobraziliense.com.br\/vicente\/wp-json\/wp\/v2\/tags?post=15763"}],"curies":[{"name":"wp","href":"https:\/\/api.w.org\/{rel}","templated":true}]}}