{"id":15735,"date":"2020-09-09T18:45:31","date_gmt":"2020-09-09T21:45:31","guid":{"rendered":"https:\/\/blogs.correiobraziliense.com.br\/vicente\/?p=15735"},"modified":"2020-09-09T19:19:05","modified_gmt":"2020-09-09T22:19:05","slug":"com-reducao-do-auxilio-emergencial-para-r-300-pobres-terao-de-escolher-entre-comer-ou-botar-credito-no-celular","status":"publish","type":"post","link":"https:\/\/blogs.correiobraziliense.com.br\/vicente\/com-reducao-do-auxilio-emergencial-para-r-300-pobres-terao-de-escolher-entre-comer-ou-botar-credito-no-celular\/","title":{"rendered":"Com redu\u00e7\u00e3o do aux\u00edlio emergencial para R$ 300, pobres ter\u00e3o de escolher entre comer ou botar cr\u00e9dito no celular"},"content":{"rendered":"<h2>Analistas que acompanham com lupa o comportamento do consumo afirmam que, com a redu\u00e7\u00e3o do aux\u00edlio emergencial de R$ 600 para R$ 300 \u2014 a primeira de quatro parcelas come\u00e7a a ser paga em 17 de setembro \u2014, as fam\u00edlias mais pobres ter\u00e3o de escolher entre colocar comida na mesa ou botar cr\u00e9dito no celular.<\/h2>\n<p>&nbsp;<\/p>\n<p>&#8220;Trata-se de uma escolha cruel&#8221;, diz um economista que est\u00e1 esmiu\u00e7ando os dados de infla\u00e7\u00e3o. Ele assegura que os pre\u00e7os dos alimentos continuar\u00e3o subindo, pois se trata de um movimento mundial. Quase todos os pa\u00edses est\u00e3o sofrendo com a carestia da comida.<\/p>\n<p>&nbsp;<\/p>\n<p>Outro especialista ressalta que, nos segmentos em que o consumo est\u00e1 fraco, os pre\u00e7os est\u00e3o em queda. A infla\u00e7\u00e3o do setor de servi\u00e7os, por exemplo, est\u00e1 rodando a uma taxa anual de 0,9%. Na educa\u00e7\u00e3o, houve recuo de 3,5%.<\/p>\n<p>&nbsp;<\/p>\n<p>&#8220;Isso estaria acontecendo com os pre\u00e7os dos alimentos se o consumo n\u00e3o tivesse aumentado tanto e o mundo n\u00e3o estivesse comprando tanta comida. Foi o que restou \u00e0 popula\u00e7\u00e3o mais pobre, a mais afetada pela pandemia da covid-19&#8221;, acrescenta esse economista.<\/p>\n<p>&nbsp;<\/p>\n<p>Entre as fam\u00edlias mais pobres, na m\u00e9dia, 80% dos recursos dispon\u00edveis v\u00e3o para a compra de alimentos. O aux\u00edlio emergencial de R$ 600, em muitos casos, era maior do que a renda tradicional perdida por causa do novo coronav\u00edrus. Deu para acomodar a alta dos alimentos e os gastos com servi\u00e7os.<\/p>\n<p>&nbsp;<\/p>\n<p>Com os R$ 300, no entanto, isso n\u00e3o ser\u00e1 poss\u00edvel. No caso, ent\u00e3o, das m\u00e3es solteiras, entre as quais o benef\u00edcio emergencial recuar\u00e1 de R$ 1.200 para R$ 600, a situa\u00e7\u00e3o vai apertar muito.\u00a0 &#8220;Mesmo com a ajuda do governo mantida at\u00e9 o fim do ano, o sufoco ser\u00e1 grande. De um m\u00eas para o outro, a renda dispon\u00edvel despencar\u00e1 50%&#8221;, frisa um terceiro economista.<\/p>\n<p>&nbsp;<\/p>\n<p>O quadro n\u00e3o seria t\u00e3o dram\u00e1tico se o pa\u00eds estivesse gerando empregos. Mas n\u00e3o \u00e9 o que estamos vendo. Todas as proje\u00e7\u00f5es apontam que a taxa de desocupa\u00e7\u00e3o, que est\u00e1 em 13,3%, continuar\u00e1 aumentando, passando de 15% na virada do ano. A renda dispon\u00edvel no pa\u00eds como um todo encolheu e n\u00e3o retornar\u00e1 aos n\u00edveis pr\u00e9-crise t\u00e3o cedo.<\/p>\n<p>&nbsp;<\/p>\n<p><em>Bras\u00edlia, 18h45min<\/em><\/p>\n","protected":false},"excerpt":{"rendered":"<p>Analistas que acompanham com lupa o comportamento do consumo afirmam que, com a redu\u00e7\u00e3o do aux\u00edlio emergencial de R$ 600 para R$ 300 \u2014 a primeira de quatro parcelas come\u00e7a a ser paga em 17 de setembro \u2014, as fam\u00edlias mais pobres ter\u00e3o de escolher entre colocar comida na mesa ou botar cr\u00e9dito no celular. [&hellip;]<\/p>\n","protected":false},"author":22,"featured_media":11173,"comment_status":"open","ping_status":"closed","sticky":false,"template":"","format":"standard","meta":{"footnotes":""},"categories":[600],"tags":[210,850,2309,2749,4715,4910,390],"class_list":["post-15735","post","type-post","status-publish","format-standard","has-post-thumbnail","hentry","category-economia","tag-alimentos","tag-alta","tag-celular","tag-comida","tag-covid","tag-escolha","tag-precos"],"_links":{"self":[{"href":"https:\/\/blogs.correiobraziliense.com.br\/vicente\/wp-json\/wp\/v2\/posts\/15735","targetHints":{"allow":["GET"]}}],"collection":[{"href":"https:\/\/blogs.correiobraziliense.com.br\/vicente\/wp-json\/wp\/v2\/posts"}],"about":[{"href":"https:\/\/blogs.correiobraziliense.com.br\/vicente\/wp-json\/wp\/v2\/types\/post"}],"author":[{"embeddable":true,"href":"https:\/\/blogs.correiobraziliense.com.br\/vicente\/wp-json\/wp\/v2\/users\/22"}],"replies":[{"embeddable":true,"href":"https:\/\/blogs.correiobraziliense.com.br\/vicente\/wp-json\/wp\/v2\/comments?post=15735"}],"version-history":[{"count":2,"href":"https:\/\/blogs.correiobraziliense.com.br\/vicente\/wp-json\/wp\/v2\/posts\/15735\/revisions"}],"predecessor-version":[{"id":15737,"href":"https:\/\/blogs.correiobraziliense.com.br\/vicente\/wp-json\/wp\/v2\/posts\/15735\/revisions\/15737"}],"wp:featuredmedia":[{"embeddable":true,"href":"https:\/\/blogs.correiobraziliense.com.br\/vicente\/wp-json\/wp\/v2\/media\/11173"}],"wp:attachment":[{"href":"https:\/\/blogs.correiobraziliense.com.br\/vicente\/wp-json\/wp\/v2\/media?parent=15735"}],"wp:term":[{"taxonomy":"category","embeddable":true,"href":"https:\/\/blogs.correiobraziliense.com.br\/vicente\/wp-json\/wp\/v2\/categories?post=15735"},{"taxonomy":"post_tag","embeddable":true,"href":"https:\/\/blogs.correiobraziliense.com.br\/vicente\/wp-json\/wp\/v2\/tags?post=15735"}],"curies":[{"name":"wp","href":"https:\/\/api.w.org\/{rel}","templated":true}]}}