{"id":15719,"date":"2020-09-09T16:51:48","date_gmt":"2020-09-09T19:51:48","guid":{"rendered":"https:\/\/blogs.correiobraziliense.com.br\/vicente\/?p=15719"},"modified":"2020-09-09T20:08:56","modified_gmt":"2020-09-09T23:08:56","slug":"governo-cria-cota-para-permitir-importacao-de-arroz-sem-imposto","status":"publish","type":"post","link":"https:\/\/blogs.correiobraziliense.com.br\/vicente\/governo-cria-cota-para-permitir-importacao-de-arroz-sem-imposto\/","title":{"rendered":"Governo cria cota para importa\u00e7\u00e3o de arroz sem imposto"},"content":{"rendered":"<h4>ROSANA HESSEL<\/h4>\n<p><span style=\"font-weight: 400\">Diante da forte alta nos pre\u00e7os dos alimentos, o presidente Jair Bolsonaro determinou redu\u00e7\u00e3o do imposto de importa\u00e7\u00e3o do arroz com o forma de barateamento do gr\u00e3o no supermercados. Com isso, o<\/span><span style=\"font-weight: 400\"> Comit\u00ea-Executivo de Gest\u00e3o (Gecex), n\u00facleo executivo da C\u00e2mara de Com\u00e9rcio Exterior (Camex), realizou reuni\u00e3o extraordin\u00e1ria na manh\u00e3 desta quarta-feira (09\/09) e definiu uma cota de 400 mil toneladas para importa\u00e7\u00e3o de de arroz com tributo zerado at\u00e9 o fim do ano.<\/span><\/p>\n<p>&nbsp;<\/p>\n<p><span style=\"font-weight: 400\">De acordo com fontes de consultorias pr\u00f3ximas dos t\u00e9cnicos do governo, a reuni\u00e3o come\u00e7ou \u00e0s 11h e terminou \u00e0s 12h. Contudo, o Minist\u00e9rio da Economia disse que a delibera\u00e7\u00e3o ocorreu somente \u00e0s 17h e que o briefing \u00e9 que ocorreu mais cedo.\u00a0 O ministro da Economia, Paulo Guedes, preside a Camex.<\/span><\/p>\n<p>&nbsp;<\/p>\n<p><span style=\"font-weight: 400\">Ontem, Bolsonaro mandou os t\u00e9cnicos escreverem uma nota \u00e0s pressas para a reuni\u00e3o extraordin\u00e1ria da Camex para definir a redu\u00e7\u00e3o do imposto e ficou definido uma cota de 400 mil toneladas com imposto de importa\u00e7\u00e3o zerado.\u00a0<\/span><\/p>\n<p>&nbsp;<\/p>\n<p><span style=\"font-weight: 400\">Conforme os dados do Instituo Brasileiro de Geografia e Estat\u00edstica (IBGE) divulgados hoje, o\u00a0 \u00cdndice de Pre\u00e7os ao Consumidor Amplo (IPCA) avan\u00e7ou 0,24% em agosto em rela\u00e7\u00e3o a junho. Enquanto isso, o pre\u00e7o do arroz disparou 3,08% na mesma base de compara\u00e7\u00e3o. Dados da Funda\u00e7\u00e3o Getulio Vargas (FGV) apontam que o gr\u00e3o acumula alta de 22,8% em 12 meses encerrados em agosto. J\u00e1 os dados do IBGE apontam valoriza\u00e7\u00e3o de 19,25% no acumulado do ano.<\/span><\/p>\n<p>&nbsp;<\/p>\n<p><span style=\"font-weight: 400\">De acordo com o Minist\u00e9rio da Economia, o imposto de importa\u00e7\u00e3o do arroz varia de 10%, em casca, a\u00a0 12%, beneficiado, e, entre os pa\u00edses do Mercosul, esse imposto j\u00e1 \u00e9 zerado. De acordo com a nota da Camex divulgada \u00e0s 17h40 o arroz foi inclu\u00eddo na lista de exce\u00e7\u00f5es \u00e0 Tarifa Externa Comum (TEC) at\u00e9 o fim do ano.\u00a0Logo, essa redu\u00e7\u00e3o do imposto n\u00e3o ser\u00e1 suficiente para amenizar o forte aumento do gr\u00e3o que \u00e9 mais do que o dobro desse imposto. <\/span><\/p>\n<p>&nbsp;<\/p>\n<p><span style=\"font-weight: 400\">Em entrevista \u00e0 CNN Brasil na noite de ontem, <\/span><span style=\"font-weight: 400\">a ministra da Agricultura, Tereza Cristina, disse que a pasta encaminhou ao Gecex um <\/span><span style=\"font-weight: 400\">um pedido para zerar a al\u00edquota de importa\u00e7\u00e3o para permitir a entrada de 400 mil toneladas de arroz at\u00e9 o dia 31 de dezembro de 2020. Segundo ela, a pr\u00f3xima safra come\u00e7a a ser plantada agora e o arroz come\u00e7a a ser colhido em meados de janeiro de 2021. \u201cTeremos uma safra bem maior, pois o agricultor vai plantar mais arroz porque teve um pre\u00e7o que remunerou a atividade. Ent\u00e3o, ano que vem teremos um estoque bem maior\u201d, afirmou.<\/span><\/p>\n<p>&nbsp;<\/p>\n<p>O presidente da Associa\u00e7\u00e3o Brasileira de Supermercados (Abras), Jo\u00e3o Sanzovo Neto, participa de uma reuni\u00e3o com o presidente Jair Bolsonaro na tarde de hoje para debater o assunto. &#8220;Muito dos nossos produtos est\u00e3o sendo exportados. O produtor prefere exportar porque o c\u00e2mbio est\u00e1 alto e por isso ele tem uma valoriza\u00e7\u00e3o maior do seu produto, uma receita maior&#8221;, disse ele a jornalistas.<\/p>\n<p>&nbsp;<\/p>\n<p><span style=\"font-weight: 400\">Dados da Companhia Nacional de Abastecimento (Conab) estimam que a produ\u00e7\u00e3o da safra de arroz dos anos 2019\/2020, praticamente conclu\u00edda, foi de 11,2 milh\u00f5es de toneladas, dado 6,6% superior ao volume da safra passada.\u00a0<\/span><\/p>\n<h3><\/h3>\n<h3><strong>Etanol<\/strong><\/h3>\n<p>&nbsp;<\/p>\n<p><span style=\"font-weight: 400\">A reuni\u00e3o ordin\u00e1ria do Gecex, prevista para a sexta-feira (11), est\u00e1 mantida e h\u00e1 uma expectativa de que manuten\u00e7\u00e3o da cota de etanol dos Estados Unidos com imposto zerado por mais tr\u00eas meses. O volume ainda n\u00e3o est\u00e1 definido. A decis\u00e3o vem ap\u00f3s amea\u00e7as de do presidente dos Estados Unidos, Donald Trump, retaliar o pa\u00eds se o benef\u00edcio acabar que vem mobilizando os usineiros nacionais contra a medida.<\/span><\/p>\n<p>&nbsp;<\/p>\n<p><span style=\"font-weight: 400\">Atualmente, o Brasil aplica al\u00edquota zero do Imposto de Importa\u00e7\u00e3o de 20% sobre o etanol de milho dos EUA para um limite de 750 milh\u00f5es desde agosto de 2019. Entre 2017 e 2019, a cota era de 600 milh\u00f5es de litros. <\/span><\/p>\n<p>&nbsp;<\/p>\n<p><span style=\"font-weight: 400\">O prazo para a manuten\u00e7\u00e3o dessa cota venceu no m\u00eas passado. Com o fim da isen\u00e7\u00e3o, todo o etanol dos EUA que entrar no pa\u00eds vai pagar os 20% de imposto.\u00a0<\/span><span style=\"font-weight: 400\">Conforme dados da Uni\u00e3o Brasileira do A\u00e7\u00facar (Unica), os EUA tarifam o\u00a0<\/span><span style=\"font-weight: 400\">a\u00e7\u00facar brasileiro em 140% e n\u00e3o h\u00e1 contrapartida. Representantes do setor estiveram reunidos ontem com o presidente Jair Bolsonaro para tratar desse assunto em um compromisso fora da agenda p\u00fablica.<\/span><\/p>\n","protected":false},"excerpt":{"rendered":"<p>ROSANA HESSEL Diante da forte alta nos pre\u00e7os dos alimentos, o presidente Jair Bolsonaro determinou redu\u00e7\u00e3o do imposto de importa\u00e7\u00e3o do arroz com o forma de barateamento do gr\u00e3o no supermercados. Com isso, o Comit\u00ea-Executivo de Gest\u00e3o (Gecex), n\u00facleo executivo da C\u00e2mara de Com\u00e9rcio Exterior (Camex), realizou reuni\u00e3o extraordin\u00e1ria na manh\u00e3 desta quarta-feira (09\/09) e [&hellip;]<\/p>\n","protected":false},"author":22,"featured_media":15724,"comment_status":"open","ping_status":"closed","sticky":false,"template":"","format":"standard","meta":{"footnotes":""},"categories":[600],"tags":[213,2554,3219,2478,14,4907],"class_list":["post-15719","post","type-post","status-publish","format-standard","has-post-thumbnail","hentry","category-economia","tag-arroz","tag-bolsonaro","tag-importacao","tag-imposto","tag-inflacao","tag-tec"],"_links":{"self":[{"href":"https:\/\/blogs.correiobraziliense.com.br\/vicente\/wp-json\/wp\/v2\/posts\/15719","targetHints":{"allow":["GET"]}}],"collection":[{"href":"https:\/\/blogs.correiobraziliense.com.br\/vicente\/wp-json\/wp\/v2\/posts"}],"about":[{"href":"https:\/\/blogs.correiobraziliense.com.br\/vicente\/wp-json\/wp\/v2\/types\/post"}],"author":[{"embeddable":true,"href":"https:\/\/blogs.correiobraziliense.com.br\/vicente\/wp-json\/wp\/v2\/users\/22"}],"replies":[{"embeddable":true,"href":"https:\/\/blogs.correiobraziliense.com.br\/vicente\/wp-json\/wp\/v2\/comments?post=15719"}],"version-history":[{"count":13,"href":"https:\/\/blogs.correiobraziliense.com.br\/vicente\/wp-json\/wp\/v2\/posts\/15719\/revisions"}],"predecessor-version":[{"id":15742,"href":"https:\/\/blogs.correiobraziliense.com.br\/vicente\/wp-json\/wp\/v2\/posts\/15719\/revisions\/15742"}],"wp:featuredmedia":[{"embeddable":true,"href":"https:\/\/blogs.correiobraziliense.com.br\/vicente\/wp-json\/wp\/v2\/media\/15724"}],"wp:attachment":[{"href":"https:\/\/blogs.correiobraziliense.com.br\/vicente\/wp-json\/wp\/v2\/media?parent=15719"}],"wp:term":[{"taxonomy":"category","embeddable":true,"href":"https:\/\/blogs.correiobraziliense.com.br\/vicente\/wp-json\/wp\/v2\/categories?post=15719"},{"taxonomy":"post_tag","embeddable":true,"href":"https:\/\/blogs.correiobraziliense.com.br\/vicente\/wp-json\/wp\/v2\/tags?post=15719"}],"curies":[{"name":"wp","href":"https:\/\/api.w.org\/{rel}","templated":true}]}}