{"id":15716,"date":"2020-09-09T11:01:34","date_gmt":"2020-09-09T14:01:34","guid":{"rendered":"https:\/\/blogs.correiobraziliense.com.br\/vicente\/?p=15716"},"modified":"2020-09-09T13:57:19","modified_gmt":"2020-09-09T16:57:19","slug":"inflacao-dos-mais-pobres-de-036-e-maior-do-que-a-media-nacional","status":"publish","type":"post","link":"https:\/\/blogs.correiobraziliense.com.br\/vicente\/inflacao-dos-mais-pobres-de-036-e-maior-do-que-a-media-nacional\/","title":{"rendered":"Infla\u00e7\u00e3o dos mais pobres, de 0,36%, \u00e9 maior do que a m\u00e9dia nacional"},"content":{"rendered":"<h2>Como os alimentos, puxados pelo arroz, o feij\u00e3o e as carnes, pesam mais no or\u00e7amento das fam\u00edlias mais pobres, com renda de at\u00e9 2,5 sal\u00e1rios m\u00ednimos por m\u00eas, a infla\u00e7\u00e3o desse grupo subiu acima da m\u00e9dia nacional, segundo o Instituto Brasileiro de Geografia e Estat\u00edstica (IBGE).<\/h2>\n<p>&nbsp;<\/p>\n<p>O \u00cdndice Nacional de Pre\u00e7os ao Consumidor (INPC) registrou aumento de 0,36% em agosto contra <a href=\"https:\/\/www.correiobraziliense.com.br\/economia\/2020\/09\/4874150-com-alimentos-e-gasolina-em-alta-inflacao-avanca-024--em-agosto.html\">eleva\u00e7\u00e3o de 0,24% do \u00cdndice de Pre\u00e7os ao Consumidor Amplo<\/a> (IPCA), usado como refer\u00eancia para o sistema de metas de infla\u00e7\u00e3o do Banco Central.<\/p>\n<p>&nbsp;<\/p>\n<p>Dentro do INPC, os alimentos ficaram, em m\u00e9dia, 0,80% mais caros em agosto ante aumento de apenas 0,14% em julho. Ou seja, os reajustes da comida est\u00e3o em processo de acelera\u00e7\u00e3o e v\u00eam gerando uma s\u00e9rie de cr\u00edticas ao governo. Por isso, o Pal\u00e1cio do Planalto montou uma tropa de choque para monitorar a situa\u00e7\u00e3o.<\/p>\n<p>&nbsp;<\/p>\n<p>J\u00e1 chegaram relatos ao presidente Jair Bolsonaro \u2014 muito preocupado com a popularidade dele \u2014 de que os mais pobres, justamente os que mostravam satisfa\u00e7\u00e3o com o aux\u00edlio emergencial de R$ 600, s\u00e3o os que mais est\u00e3o se queixando da carestia.<\/p>\n<p>&nbsp;<\/p>\n<p>A preocupa\u00e7\u00e3o \u00e9 tanta que Bolsonaro dedicou praticamente a sua agenda desta quarta-feira (09\/09) a quest\u00f5es econ\u00f4micas. Ele ter\u00e1 v\u00e1rios encontros com o ministro da Economia, Paulo Guedes, e com representantes da Associa\u00e7\u00e3o Brasileira dos Supermercados (Abras).<\/p>\n<p>&nbsp;<\/p>\n<p><em>Bras\u00edlia, 11h01min<\/em><\/p>\n","protected":false},"excerpt":{"rendered":"<p>Como os alimentos, puxados pelo arroz, o feij\u00e3o e as carnes, pesam mais no or\u00e7amento das fam\u00edlias mais pobres, com renda de at\u00e9 2,5 sal\u00e1rios m\u00ednimos por m\u00eas, a infla\u00e7\u00e3o desse grupo subiu acima da m\u00e9dia nacional, segundo o Instituto Brasileiro de Geografia e Estat\u00edstica (IBGE). &nbsp; O \u00cdndice Nacional de Pre\u00e7os ao Consumidor (INPC) [&hellip;]<\/p>\n","protected":false},"author":22,"featured_media":15703,"comment_status":"open","ping_status":"closed","sticky":false,"template":"","format":"standard","meta":{"footnotes":""},"categories":[600],"tags":[2554,211,2342,14,1130,3519],"class_list":["post-15716","post","type-post","status-publish","format-standard","has-post-thumbnail","hentry","category-economia","tag-bolsonaro","tag-carestia","tag-familias","tag-inflacao","tag-inpc","tag-pobres"],"_links":{"self":[{"href":"https:\/\/blogs.correiobraziliense.com.br\/vicente\/wp-json\/wp\/v2\/posts\/15716","targetHints":{"allow":["GET"]}}],"collection":[{"href":"https:\/\/blogs.correiobraziliense.com.br\/vicente\/wp-json\/wp\/v2\/posts"}],"about":[{"href":"https:\/\/blogs.correiobraziliense.com.br\/vicente\/wp-json\/wp\/v2\/types\/post"}],"author":[{"embeddable":true,"href":"https:\/\/blogs.correiobraziliense.com.br\/vicente\/wp-json\/wp\/v2\/users\/22"}],"replies":[{"embeddable":true,"href":"https:\/\/blogs.correiobraziliense.com.br\/vicente\/wp-json\/wp\/v2\/comments?post=15716"}],"version-history":[{"count":2,"href":"https:\/\/blogs.correiobraziliense.com.br\/vicente\/wp-json\/wp\/v2\/posts\/15716\/revisions"}],"predecessor-version":[{"id":15718,"href":"https:\/\/blogs.correiobraziliense.com.br\/vicente\/wp-json\/wp\/v2\/posts\/15716\/revisions\/15718"}],"wp:featuredmedia":[{"embeddable":true,"href":"https:\/\/blogs.correiobraziliense.com.br\/vicente\/wp-json\/wp\/v2\/media\/15703"}],"wp:attachment":[{"href":"https:\/\/blogs.correiobraziliense.com.br\/vicente\/wp-json\/wp\/v2\/media?parent=15716"}],"wp:term":[{"taxonomy":"category","embeddable":true,"href":"https:\/\/blogs.correiobraziliense.com.br\/vicente\/wp-json\/wp\/v2\/categories?post=15716"},{"taxonomy":"post_tag","embeddable":true,"href":"https:\/\/blogs.correiobraziliense.com.br\/vicente\/wp-json\/wp\/v2\/tags?post=15716"}],"curies":[{"name":"wp","href":"https:\/\/api.w.org\/{rel}","templated":true}]}}