{"id":15702,"date":"2020-09-08T17:25:19","date_gmt":"2020-09-08T20:25:19","guid":{"rendered":"https:\/\/blogs.correiobraziliense.com.br\/vicente\/?p=15702"},"modified":"2020-09-09T12:04:54","modified_gmt":"2020-09-09T15:04:54","slug":"inflacao-dos-alimentos-passara-de-10-neste-ano-quatro-vezes-acima-do-indice-oficial","status":"publish","type":"post","link":"https:\/\/blogs.correiobraziliense.com.br\/vicente\/inflacao-dos-alimentos-passara-de-10-neste-ano-quatro-vezes-acima-do-indice-oficial\/","title":{"rendered":"Infla\u00e7\u00e3o dos alimentos passar\u00e1 de 10% neste ano, quatro vezes acima do \u00edndice oficial"},"content":{"rendered":"<h2>Analistas refizeram as contas e preveem, agora, infla\u00e7\u00e3o dos alimentos no domic\u00edlio acima de 10% neste ano, resultado pelo menos quatro vezes superior \u00e0s estimativas para o \u00cdndice de Pre\u00e7os ao Consumidor Amplo (IPCA), que variam entre 2,3% e 2,5%.<\/h2>\n<p>&nbsp;<\/p>\n<p>Com isso, a popula\u00e7\u00e3o de mais baixa renda, que destina quase 80% dos recursos dispon\u00edveis para a compra de alimentos, ser\u00e1 a mais prejudicada. Muitas fam\u00edlias, inclusive, j\u00e1 est\u00e3o retirando do carrinho de supermercado uma s\u00e9rie de itens b\u00e1sicos \u2014 a quantidade de arroz, feij\u00e3o e carne diminuiu bastante.<\/p>\n<p>&nbsp;<\/p>\n<p>Como n\u00e3o veem mudan\u00e7a nesse quadro t\u00e3o cedo, os analistas afirmam que o IPCA de 2021 voltar\u00e1 a se situar entre 3% e 4%, elevando o desafio do Banco Central de manter a taxa b\u00e1sica de juros (Selic) em 2% ao ano, o menor n\u00edvel da hist\u00f3ria. Os mais pessimistas, acreditam que a Selic poder\u00e1 subir j\u00e1 neste ano.<\/p>\n<p>&nbsp;<\/p>\n<p><strong>Tropa de choque de Bolsonaro<\/strong><\/p>\n<p>&nbsp;<\/p>\n<p>A disparada dos pre\u00e7os dos alimentos n\u00e3o atormenta apenas os consumidores. O Pal\u00e1cio do Planalto j\u00e1 identificou que a comida mais cara est\u00e1 come\u00e7ando a impactar a popularidade do presidente Jair Bolsonaro, que vem subindo gradualmente, principalmente, entre os eleitores de renda mais baixa.<\/p>\n<p>&nbsp;<\/p>\n<p>N\u00e3o \u00e0 toa, o Planalto montou uma <a href=\"https:\/\/blogs.correiobraziliense.com.br\/vicente\/planalto-monta-tropa-de-choque-para-monitorar-precos-dos-alimentos\/\">tropa de choque para monitorar a alta dos pre\u00e7os dos alimentos<\/a> e para acompanhar todas as medidas que v\u00eam sendo tomadas pelos minist\u00e9rios da Economia e da Agricultura a fim de conter abusos e de evitar desabastecimento.<\/p>\n<p>&nbsp;<\/p>\n<p>Segundo integrantes da equipe econ\u00f4mica, o momento exige um acompanhamento cuidadoso, mas n\u00e3o h\u00e1 nada de muito preocupante no horizonte. Um dos t\u00e9cnicos garante que o pa\u00eds est\u00e1 diante de um movimento passageiro, de reacomoda\u00e7\u00e3o do mercado, j\u00e1 que o consumo cresceu al\u00e9m do esperado.<\/p>\n<p>&nbsp;<\/p>\n<p>&#8220;Com o aux\u00edlio emergencial de R$ 600, que injetou bilh\u00f5es na economia, era natural supor que a demanda maior por alimentos pressionaria os pre\u00e7os, porque, com a pandemia, as pessoas passaram a comer mais em casa. Mas vemos uma press\u00e3o moment\u00e2nea, um choque passageiro&#8221;, afirma o t\u00e9cnico da equipe econ\u00f4mica.<\/p>\n<p>&nbsp;<\/p>\n<p><em>Bras\u00edlia, 17h25min<\/em><\/p>\n","protected":false},"excerpt":{"rendered":"<p>Analistas refizeram as contas e preveem, agora, infla\u00e7\u00e3o dos alimentos no domic\u00edlio acima de 10% neste ano, resultado pelo menos quatro vezes superior \u00e0s estimativas para o \u00cdndice de Pre\u00e7os ao Consumidor Amplo (IPCA), que variam entre 2,3% e 2,5%. &nbsp; Com isso, a popula\u00e7\u00e3o de mais baixa renda, que destina quase 80% dos recursos [&hellip;]<\/p>\n","protected":false},"author":22,"featured_media":15703,"comment_status":"open","ping_status":"closed","sticky":false,"template":"","format":"standard","meta":{"footnotes":""},"categories":[600],"tags":[210,850,2554,14,390,4903],"class_list":["post-15702","post","type-post","status-publish","format-standard","has-post-thumbnail","hentry","category-economia","tag-alimentos","tag-alta","tag-bolsonaro","tag-inflacao","tag-precos","tag-tropa-de-choque"],"_links":{"self":[{"href":"https:\/\/blogs.correiobraziliense.com.br\/vicente\/wp-json\/wp\/v2\/posts\/15702","targetHints":{"allow":["GET"]}}],"collection":[{"href":"https:\/\/blogs.correiobraziliense.com.br\/vicente\/wp-json\/wp\/v2\/posts"}],"about":[{"href":"https:\/\/blogs.correiobraziliense.com.br\/vicente\/wp-json\/wp\/v2\/types\/post"}],"author":[{"embeddable":true,"href":"https:\/\/blogs.correiobraziliense.com.br\/vicente\/wp-json\/wp\/v2\/users\/22"}],"replies":[{"embeddable":true,"href":"https:\/\/blogs.correiobraziliense.com.br\/vicente\/wp-json\/wp\/v2\/comments?post=15702"}],"version-history":[{"count":4,"href":"https:\/\/blogs.correiobraziliense.com.br\/vicente\/wp-json\/wp\/v2\/posts\/15702\/revisions"}],"predecessor-version":[{"id":15710,"href":"https:\/\/blogs.correiobraziliense.com.br\/vicente\/wp-json\/wp\/v2\/posts\/15702\/revisions\/15710"}],"wp:featuredmedia":[{"embeddable":true,"href":"https:\/\/blogs.correiobraziliense.com.br\/vicente\/wp-json\/wp\/v2\/media\/15703"}],"wp:attachment":[{"href":"https:\/\/blogs.correiobraziliense.com.br\/vicente\/wp-json\/wp\/v2\/media?parent=15702"}],"wp:term":[{"taxonomy":"category","embeddable":true,"href":"https:\/\/blogs.correiobraziliense.com.br\/vicente\/wp-json\/wp\/v2\/categories?post=15702"},{"taxonomy":"post_tag","embeddable":true,"href":"https:\/\/blogs.correiobraziliense.com.br\/vicente\/wp-json\/wp\/v2\/tags?post=15702"}],"curies":[{"name":"wp","href":"https:\/\/api.w.org\/{rel}","templated":true}]}}