{"id":15688,"date":"2020-09-08T13:59:43","date_gmt":"2020-09-08T16:59:43","guid":{"rendered":"https:\/\/blogs.correiobraziliense.com.br\/vicente\/?p=15688"},"modified":"2020-09-08T16:00:59","modified_gmt":"2020-09-08T19:00:59","slug":"planalto-monta-tropa-de-choque-para-monitorar-precos-dos-alimentos","status":"publish","type":"post","link":"https:\/\/blogs.correiobraziliense.com.br\/vicente\/planalto-monta-tropa-de-choque-para-monitorar-precos-dos-alimentos\/","title":{"rendered":"Planalto monta tropa de choque para monitorar pre\u00e7os dos alimentos"},"content":{"rendered":"<h2>Temendo um desgaste para o governo justamente no momento em que o presidente Jair Bolsonaro est\u00e1 recompondo sua popularidade, o Pal\u00e1cio do Planalto montou uma tropa de choque para monitorar os pre\u00e7os dos alimentos, em especial, do arroz e do feij\u00e3o.<\/h2>\n<p>&nbsp;<\/p>\n<p>A tropa de choque est\u00e1 encarregada de manter Bolsonaro informado do que vem sendo feito pelos minist\u00e9rios da Agricultura e da Economia para &#8220;normalizar&#8221; <a href=\"https:\/\/blogs.correiobraziliense.com.br\/vicente\/novo-auxilio-emergencial-de-r-300-nao-paga-sequer-a-cesta-basica-mostra-dieese\/\">os pre\u00e7os de produtos da cesta b\u00e1sica<\/a> e evitar um poss\u00edvel desabastecimento \u2014 o risco disso acontecer \u00e9 m\u00ednimo, mas est\u00e1 no radar.<\/p>\n<p>&nbsp;<\/p>\n<p>Conselheiros pol\u00edticos do presidente o alertaram sobre os riscos da disparada dos pre\u00e7os dos alimentos para a sua imagem. \u00c9 justamente nas classes sociais de menor poder aquisitivo que Bolsonaro registra aumento de popularidade. Se essas pessoas n\u00e3o conseguirem levar comida \u00e0 mesa, o maior culpado, na vis\u00e3o delas, ser\u00e1 o governo.<\/p>\n<p>&nbsp;<\/p>\n<p><strong>Pre\u00e7os sobem com redu\u00e7\u00e3o do aux\u00edlio emergencial<\/strong><\/p>\n<p>&nbsp;<\/p>\n<p>Os mesmos conselheiros lembraram ao presidente que a forte alta dos pre\u00e7os dos alimentos \u2014 o arroz ficou 100% mais caro em 12 meses, com o pacote de 5 quilos sendo vendido por mais de R$ 40 \u2014 coincide com a redu\u00e7\u00e3o, \u00e0 metade, do valor do aux\u00edlio emergencial. A parcela de R$ 300 come\u00e7ar\u00e1 a ser paga em 17 de setembro.<\/p>\n<p>&nbsp;<\/p>\n<p>&#8220;Estamos falando de uma combina\u00e7\u00e3o perigosa para quem pretende manter a popularidade em alta e s\u00f3 pensa na reelei\u00e7\u00e3o&#8221;, diz um desses conselheiros pol\u00edticos de Bolsonaro. N\u00e3o por acaso, o presidente resolveu entrar no debate p\u00fablico tentando jogar a culpa em cima dos empres\u00e1rios, em especial, dos supermercadistas.<\/p>\n<p>&nbsp;<\/p>\n<p>A determina\u00e7\u00e3o no Planalto \u00e9 fazer tudo o que for poss\u00edvel para ampliar a oferta de produtos da cesta b\u00e1sica, nem que, para isso, o governo tenha que incentivar as importa\u00e7\u00f5es, principalmente de arroz, que est\u00e1 se tornando o s\u00edmbolo do descontrole de pre\u00e7os neste momento.<\/p>\n<p>&nbsp;<\/p>\n<p>&#8220;O Planalto j\u00e1 captou o mau humor da popula\u00e7\u00e3o mais pobre. As cobran\u00e7as sobre a alta de pre\u00e7os do arroz, do feij\u00e3o, do leite, do a\u00e7\u00facar e do \u00f3leo j\u00e1 chegaram aos ouvidos do presidente com s\u00e9rios alertas. Ele sabe o tamanho do risco que est\u00e1 correndo se a infla\u00e7\u00e3o dos alimentos se consolidar&#8221;, assinala o mesmo conselheiro.<\/p>\n<p>&nbsp;<\/p>\n<p><em>Bras\u00edlia, 13h59min<\/em><\/p>\n","protected":false},"excerpt":{"rendered":"<p>Temendo um desgaste para o governo justamente no momento em que o presidente Jair Bolsonaro est\u00e1 recompondo sua popularidade, o Pal\u00e1cio do Planalto montou uma tropa de choque para monitorar os pre\u00e7os dos alimentos, em especial, do arroz e do feij\u00e3o. &nbsp; A tropa de choque est\u00e1 encarregada de manter Bolsonaro informado do que vem [&hellip;]<\/p>\n","protected":false},"author":22,"featured_media":15692,"comment_status":"open","ping_status":"closed","sticky":false,"template":"","format":"standard","meta":{"footnotes":""},"categories":[600],"tags":[210,213,212,2731,4111,390,4903],"class_list":["post-15688","post","type-post","status-publish","format-standard","has-post-thumbnail","hentry","category-economia","tag-alimentos","tag-arroz","tag-feijao","tag-planalto","tag-popularidade","tag-precos","tag-tropa-de-choque"],"_links":{"self":[{"href":"https:\/\/blogs.correiobraziliense.com.br\/vicente\/wp-json\/wp\/v2\/posts\/15688","targetHints":{"allow":["GET"]}}],"collection":[{"href":"https:\/\/blogs.correiobraziliense.com.br\/vicente\/wp-json\/wp\/v2\/posts"}],"about":[{"href":"https:\/\/blogs.correiobraziliense.com.br\/vicente\/wp-json\/wp\/v2\/types\/post"}],"author":[{"embeddable":true,"href":"https:\/\/blogs.correiobraziliense.com.br\/vicente\/wp-json\/wp\/v2\/users\/22"}],"replies":[{"embeddable":true,"href":"https:\/\/blogs.correiobraziliense.com.br\/vicente\/wp-json\/wp\/v2\/comments?post=15688"}],"version-history":[{"count":2,"href":"https:\/\/blogs.correiobraziliense.com.br\/vicente\/wp-json\/wp\/v2\/posts\/15688\/revisions"}],"predecessor-version":[{"id":15694,"href":"https:\/\/blogs.correiobraziliense.com.br\/vicente\/wp-json\/wp\/v2\/posts\/15688\/revisions\/15694"}],"wp:featuredmedia":[{"embeddable":true,"href":"https:\/\/blogs.correiobraziliense.com.br\/vicente\/wp-json\/wp\/v2\/media\/15692"}],"wp:attachment":[{"href":"https:\/\/blogs.correiobraziliense.com.br\/vicente\/wp-json\/wp\/v2\/media?parent=15688"}],"wp:term":[{"taxonomy":"category","embeddable":true,"href":"https:\/\/blogs.correiobraziliense.com.br\/vicente\/wp-json\/wp\/v2\/categories?post=15688"},{"taxonomy":"post_tag","embeddable":true,"href":"https:\/\/blogs.correiobraziliense.com.br\/vicente\/wp-json\/wp\/v2\/tags?post=15688"}],"curies":[{"name":"wp","href":"https:\/\/api.w.org\/{rel}","templated":true}]}}