{"id":15673,"date":"2020-09-07T22:01:25","date_gmt":"2020-09-08T01:01:25","guid":{"rendered":"https:\/\/blogs.correiobraziliense.com.br\/vicente\/?p=15673"},"modified":"2020-09-07T22:51:41","modified_gmt":"2020-09-08T01:51:41","slug":"novo-auxilio-emergencial-de-r-300-nao-paga-sequer-a-cesta-basica-mostra-dieese","status":"publish","type":"post","link":"https:\/\/blogs.correiobraziliense.com.br\/vicente\/novo-auxilio-emergencial-de-r-300-nao-paga-sequer-a-cesta-basica-mostra-dieese\/","title":{"rendered":"Novo aux\u00edlio emergencial de R$ 300 n\u00e3o paga sequer a cesta b\u00e1sica, mostra Dieese"},"content":{"rendered":"<h2>O novo valor do aux\u00edlio emergencial, de R$ 300, que vai vigorar entre setembro e dezembro, n\u00e3o \u00e9 suficiente para comprar sequer a cesta b\u00e1sica nas capitais pesquisadas pelo Departamento Intersindical de Estat\u00edstica e Estudos Socioecon\u00f4micos (Dieese). O pre\u00e7o mais baixo foi registrado em Aracaju, de R$ 398,47. O mais elevado, em S\u00e3o Paulo, de R$ 539,95.<\/h2>\n<p>&nbsp;<\/p>\n<p>O valor da cesta b\u00e1sica est\u00e1 em disparada desde o final de julho, quando itens como arroz, feij\u00e3o, leite e carne come\u00e7aram a ser reajustados a um ritmo acelerado. Os produtores alegam que os aumentos decorrem da alta do d\u00f3lar e das compras maiores da China.<\/p>\n<p>&nbsp;<\/p>\n<p>Donos de supermercados, no entanto, apontam especula\u00e7\u00e3o por parte dos produtores, que est\u00e3o se aproveitando do recebimento do aux\u00edlio emergencial pela popula\u00e7\u00e3o mais pobre para ampliarem as margens de lucro. N\u00e3o h\u00e1, no entender de supermercadistas, nada que justifique aumento m\u00e9dio de 20% nos pre\u00e7os do arroz em um \u00fanico m\u00eas.<\/p>\n<p>&nbsp;<\/p>\n<p><strong>Situa\u00e7\u00e3o ficar\u00e1 ainda pior para os mais pobres<\/strong><\/p>\n<p>&nbsp;<\/p>\n<p>Segundo os donos de supermercados, n\u00e3o h\u00e1 perspectivas de melhora a curto prazo. Todas as tabelas de produtos que chegaram ao varejo neste in\u00edcio de setembro vieram com aumentos. E os reajustes ser\u00e3o repassados \u00e0s g\u00f4ndolas, sem d\u00f3 nem piedade. N\u00e3o h\u00e1, de acordo com as empresas, como absorver os custos maiores.<\/p>\n<p>&nbsp;<\/p>\n<p>Num discurso populista, apenas para animar as massas, o presidente Jair Bolsonaro pediu a produtores rurais, que est\u00e3o, em maioria, nas suas bases de apoio, e aos supermercadistas que, &#8220;num ato patri\u00f3tico&#8221;, segurem os reajustes. O discurso foi visto como sem p\u00e9 nem cabe\u00e7a numa economia de livre mercado.<\/p>\n<p>&nbsp;<\/p>\n<p>Portanto, a popula\u00e7\u00e3o mais pobre continuar\u00e1 sofrendo para levar comida para casa. Se j\u00e1 estava dif\u00edcil encher a despensa com o aux\u00edlio emergencial de R$ 600, pior ficar\u00e1 com o benef\u00edcio reduzido a R$ 300.<\/p>\n<p>&nbsp;<\/p>\n<p><em>Bras\u00edlia, 22h01min\u00a0<\/em><\/p>\n","protected":false},"excerpt":{"rendered":"<p>O novo valor do aux\u00edlio emergencial, de R$ 300, que vai vigorar entre setembro e dezembro, n\u00e3o \u00e9 suficiente para comprar sequer a cesta b\u00e1sica nas capitais pesquisadas pelo Departamento Intersindical de Estat\u00edstica e Estudos Socioecon\u00f4micos (Dieese). O pre\u00e7o mais baixo foi registrado em Aracaju, de R$ 398,47. O mais elevado, em S\u00e3o Paulo, de [&hellip;]<\/p>\n","protected":false},"author":22,"featured_media":9718,"comment_status":"open","ping_status":"closed","sticky":false,"template":"","format":"standard","meta":{"footnotes":""},"categories":[600],"tags":[213,4573,2554,4286,4901,212,925,124,1284],"class_list":["post-15673","post","type-post","status-publish","format-standard","has-post-thumbnail","hentry","category-economia","tag-arroz","tag-auxilio-emergencial","tag-bolsonaro","tag-carne","tag-cesta-basica","tag-feijao","tag-leite","tag-reajustes","tag-supermercados"],"_links":{"self":[{"href":"https:\/\/blogs.correiobraziliense.com.br\/vicente\/wp-json\/wp\/v2\/posts\/15673","targetHints":{"allow":["GET"]}}],"collection":[{"href":"https:\/\/blogs.correiobraziliense.com.br\/vicente\/wp-json\/wp\/v2\/posts"}],"about":[{"href":"https:\/\/blogs.correiobraziliense.com.br\/vicente\/wp-json\/wp\/v2\/types\/post"}],"author":[{"embeddable":true,"href":"https:\/\/blogs.correiobraziliense.com.br\/vicente\/wp-json\/wp\/v2\/users\/22"}],"replies":[{"embeddable":true,"href":"https:\/\/blogs.correiobraziliense.com.br\/vicente\/wp-json\/wp\/v2\/comments?post=15673"}],"version-history":[{"count":1,"href":"https:\/\/blogs.correiobraziliense.com.br\/vicente\/wp-json\/wp\/v2\/posts\/15673\/revisions"}],"predecessor-version":[{"id":15674,"href":"https:\/\/blogs.correiobraziliense.com.br\/vicente\/wp-json\/wp\/v2\/posts\/15673\/revisions\/15674"}],"wp:featuredmedia":[{"embeddable":true,"href":"https:\/\/blogs.correiobraziliense.com.br\/vicente\/wp-json\/wp\/v2\/media\/9718"}],"wp:attachment":[{"href":"https:\/\/blogs.correiobraziliense.com.br\/vicente\/wp-json\/wp\/v2\/media?parent=15673"}],"wp:term":[{"taxonomy":"category","embeddable":true,"href":"https:\/\/blogs.correiobraziliense.com.br\/vicente\/wp-json\/wp\/v2\/categories?post=15673"},{"taxonomy":"post_tag","embeddable":true,"href":"https:\/\/blogs.correiobraziliense.com.br\/vicente\/wp-json\/wp\/v2\/tags?post=15673"}],"curies":[{"name":"wp","href":"https:\/\/api.w.org\/{rel}","templated":true}]}}