{"id":15669,"date":"2020-09-07T17:29:42","date_gmt":"2020-09-07T20:29:42","guid":{"rendered":"https:\/\/blogs.correiobraziliense.com.br\/vicente\/?p=15669"},"modified":"2020-09-07T17:46:02","modified_gmt":"2020-09-07T20:46:02","slug":"763-milhoes-de-brasileiros-dependem-do-tesouro-nacional-para-viver","status":"publish","type":"post","link":"https:\/\/blogs.correiobraziliense.com.br\/vicente\/763-milhoes-de-brasileiros-dependem-do-tesouro-nacional-para-viver\/","title":{"rendered":"76,3 milh\u00f5es de brasileiros dependem do Tesouro Nacional para viver"},"content":{"rendered":"<h2>ANTONIO MACHADO<\/h2>\n<h2><\/h2>\n<h2>Os grandes n\u00fameros da economia e do Or\u00e7amento federal divulgados pelo governo explicitaram verdades embara\u00e7osas.\u00a0A s\u00edntese de nosso drama: 79% da for\u00e7a de trabalho total, ou 76,3 milh\u00f5es de brasileiros, dependem do Tesouro Nacional para viver.<\/h2>\n<p>&nbsp;<\/p>\n<p>A queda de 9,7% do Produto Interno Bruto (PIB) no segundo trimestre do ano desnudou aos governantes e \u00e0 minoria de afortunados a enorme mis\u00e9ria da maioria da popula\u00e7\u00e3o. E a proposta da Lei Or\u00e7ament\u00e1ria Anual (LOA) para 2021, submetida pelo governo ao Congresso, mostrou a anemia do gigante maltratado.<\/p>\n<p>&nbsp;<\/p>\n<p>Num caso, o massacre social foi evitado pelo pagamento do aux\u00edlio emergencial de R$ 600 por cinco meses, estendido em parcelas de R$ 300 de setembro at\u00e9 o fim do ano. Mais de 67 milh\u00f5es est\u00e3o na folha excepcional. Ela, literalmente, salvou a economia de uma depress\u00e3o.<\/p>\n<p>&nbsp;<\/p>\n<p>No outro caso, o Or\u00e7amento federal, deficit\u00e1rio desde 2014, se liquefez com os gastos extras da pandemia e n\u00e3o dever\u00e1 voltar a ter superavit at\u00e9 2026 \u2014 ou mais. E s\u00f3 falamos da parte que abate o \u00f4nus da d\u00edvida p\u00fablica. Com ela inclu\u00edda, superavit vira coisa do al\u00e9m.<\/p>\n<p>&nbsp;<\/p>\n<p><strong>O Brasil adocicado s\u00f3 existe no sorriso de miss do presidente<\/strong><\/p>\n<p>&nbsp;<\/p>\n<p>A verdade \u00e9 que o Brasil adocicado da propaganda oficial s\u00f3 existe nos sorrisos de miss do presidente da vez e de seus apaniguados. As mazelas s\u00e3o fortes demais para exibi\u00e7\u00e3o em hor\u00e1rio livre.<\/p>\n<p>&nbsp;<\/p>\n<p>No Brasil de fic\u00e7\u00e3o dos bem de vida, esc\u00e2ndalos s\u00e3o os casos que a Lava-Jato denunciou. No Brasil real da maioria, escandalosa \u00e9 a sua situa\u00e7\u00e3o de p\u00e1rias \u2014 \u201cinvis\u00edveis\u201d, como os rotulou o ministro da Economia, Paulo Guedes, embora sejam vis\u00edveis desde sempre nas pesquisas do IBGE.<\/p>\n<p>&nbsp;<\/p>\n<p>D\u00e9cadas de pol\u00edtica econ\u00f4mica concebida sem elo entre a capacidade produtiva, o tamanho e as necessidades da popula\u00e7\u00e3o e a estrutura disfuncional do Estado brasileiro, com \u00f3rg\u00e3os p\u00fablicos redundantes nos tr\u00eas n\u00edveis da federa\u00e7\u00e3o, geraram um pa\u00eds com poucos empregos e muitas urg\u00eancias. Foi o que estarreceu o governo ao ver a multid\u00e3o que apareceu para receber o aux\u00edlio emergencial.<\/p>\n<p>&nbsp;<\/p>\n<p>Mas j\u00e1 era assim. Antes das medidas acionadas para mitigar o avan\u00e7o da pandemia, em especial o isolamento social que levou \u00e0 parada abrupta das fontes de renda de mais de 40 milh\u00f5es de trabalhadores informais, o grosso da popula\u00e7\u00e3o j\u00e1 contava com algum programa oficial para completar o sustento da fam\u00edlia. Nunca houve emprego suficiente para a maioria.<\/p>\n<p>&nbsp;<\/p>\n<p><em>Bras\u00edlia, 17h29min<\/em><\/p>\n","protected":false},"excerpt":{"rendered":"<p>ANTONIO MACHADO Os grandes n\u00fameros da economia e do Or\u00e7amento federal divulgados pelo governo explicitaram verdades embara\u00e7osas.\u00a0A s\u00edntese de nosso drama: 79% da for\u00e7a de trabalho total, ou 76,3 milh\u00f5es de brasileiros, dependem do Tesouro Nacional para viver. &nbsp; A queda de 9,7% do Produto Interno Bruto (PIB) no segundo trimestre do ano desnudou aos [&hellip;]<\/p>\n","protected":false},"author":22,"featured_media":14207,"comment_status":"open","ping_status":"closed","sticky":false,"template":"","format":"standard","meta":{"footnotes":""},"categories":[600],"tags":[2003,838,2652,528,1637],"class_list":["post-15669","post","type-post","status-publish","format-standard","has-post-thumbnail","hentry","category-economia","tag-brasileiros","tag-dependencia","tag-presidente","tag-renda","tag-tesouro"],"_links":{"self":[{"href":"https:\/\/blogs.correiobraziliense.com.br\/vicente\/wp-json\/wp\/v2\/posts\/15669","targetHints":{"allow":["GET"]}}],"collection":[{"href":"https:\/\/blogs.correiobraziliense.com.br\/vicente\/wp-json\/wp\/v2\/posts"}],"about":[{"href":"https:\/\/blogs.correiobraziliense.com.br\/vicente\/wp-json\/wp\/v2\/types\/post"}],"author":[{"embeddable":true,"href":"https:\/\/blogs.correiobraziliense.com.br\/vicente\/wp-json\/wp\/v2\/users\/22"}],"replies":[{"embeddable":true,"href":"https:\/\/blogs.correiobraziliense.com.br\/vicente\/wp-json\/wp\/v2\/comments?post=15669"}],"version-history":[{"count":1,"href":"https:\/\/blogs.correiobraziliense.com.br\/vicente\/wp-json\/wp\/v2\/posts\/15669\/revisions"}],"predecessor-version":[{"id":15670,"href":"https:\/\/blogs.correiobraziliense.com.br\/vicente\/wp-json\/wp\/v2\/posts\/15669\/revisions\/15670"}],"wp:featuredmedia":[{"embeddable":true,"href":"https:\/\/blogs.correiobraziliense.com.br\/vicente\/wp-json\/wp\/v2\/media\/14207"}],"wp:attachment":[{"href":"https:\/\/blogs.correiobraziliense.com.br\/vicente\/wp-json\/wp\/v2\/media?parent=15669"}],"wp:term":[{"taxonomy":"category","embeddable":true,"href":"https:\/\/blogs.correiobraziliense.com.br\/vicente\/wp-json\/wp\/v2\/categories?post=15669"},{"taxonomy":"post_tag","embeddable":true,"href":"https:\/\/blogs.correiobraziliense.com.br\/vicente\/wp-json\/wp\/v2\/tags?post=15669"}],"curies":[{"name":"wp","href":"https:\/\/api.w.org\/{rel}","templated":true}]}}