{"id":15656,"date":"2020-09-05T20:25:04","date_gmt":"2020-09-05T23:25:04","guid":{"rendered":"https:\/\/blogs.correiobraziliense.com.br\/vicente\/?p=15656"},"modified":"2020-09-05T21:58:05","modified_gmt":"2020-09-06T00:58:05","slug":"empresas-do-distrito-federal-sao-as-piores-pagadoras-do-pais","status":"publish","type":"post","link":"https:\/\/blogs.correiobraziliense.com.br\/vicente\/empresas-do-distrito-federal-sao-as-piores-pagadoras-do-pais\/","title":{"rendered":"Empresas do Distrito Federal s\u00e3o as piores pagadoras do pa\u00eds"},"content":{"rendered":"<h2>O impacto da pandemia da covid-19 no caixa das empresas foi expressivo. Mas, no Distrito Federal, a situa\u00e7\u00e3o \u00e9 dram\u00e1tica, segundo estudo realizado pela plataforma Vadu. As firmas com sede na capital federal s\u00e3o as piores pagadoras do pa\u00eds.<\/h2>\n<p>&nbsp;<\/p>\n<p>Apenas 41% dos empres\u00e1rios conseguiram manter suas contas em dia no m\u00eas de agosto. Ou seja, seis em cada 10 empreendedores n\u00e3o honraram todos os compromissos em dia.<\/p>\n<p>&nbsp;<\/p>\n<p>A situa\u00e7\u00e3o tamb\u00e9m \u00e9 preocupante em\u00a0Rond\u00f4nia, onde apenas 47% das empresas mantiveram as faturas em dia. Em Mato Grosso, foram 55%.<\/p>\n<p>&nbsp;<\/p>\n<p>Na outra ponta da tabela, com melhor \u00edndice de pontualidade nos pagamentos, est\u00e1 Pernambuco, com 97%. O Rio Grande do Norte, com 96%, vem na segunda posi\u00e7\u00e3o, e o Amazonas, em terceiro, com 95% de adimpl\u00eancia.<\/p>\n<p>&nbsp;<\/p>\n<p>O Distrito Federal sofre, principalmente, por causa da paralisia do setor p\u00fablico, que cortou gastos, e da retra\u00e7\u00e3o da demanda dos servidores, que cumprem quarentena por causa do novo coronav\u00edrus.<\/p>\n<p>&nbsp;<\/p>\n<p>Estudo da Consultoria Tend\u00eancias mostra que, n\u00e3o fosse o Distrito Federal, a <a href=\"https:\/\/blogs.correiobraziliense.com.br\/vicente\/distrito-federal-segura-crescimento-do-centro-oeste\/\">regi\u00e3o Centro-Oeste<\/a> j\u00e1 estaria pr\u00f3xima de apresentar o n\u00edvel de atividade de antes da crise sanit\u00e1ria. Goi\u00e1s, Mato Grosso do Sul e Mato Grosso est\u00e3o sendo alavancados pelo agroneg\u00f3cio, o \u00fanico setor a apresentar crescimento no segundo trimestre do ano.<\/p>\n<p>&nbsp;<\/p>\n<p><em>Bras\u00edlia, 20h25min<\/em><\/p>\n","protected":false},"excerpt":{"rendered":"<p>O impacto da pandemia da covid-19 no caixa das empresas foi expressivo. Mas, no Distrito Federal, a situa\u00e7\u00e3o \u00e9 dram\u00e1tica, segundo estudo realizado pela plataforma Vadu. As firmas com sede na capital federal s\u00e3o as piores pagadoras do pa\u00eds. &nbsp; Apenas 41% dos empres\u00e1rios conseguiram manter suas contas em dia no m\u00eas de agosto. Ou [&hellip;]<\/p>\n","protected":false},"author":22,"featured_media":15657,"comment_status":"open","ping_status":"closed","sticky":false,"template":"","format":"standard","meta":{"footnotes":""},"categories":[600],"tags":[110,755,1109,4743,4896],"class_list":["post-15656","post","type-post","status-publish","format-standard","has-post-thumbnail","hentry","category-economia","tag-caixa","tag-distrito-federal","tag-empresas","tag-situacao","tag-vadu"],"_links":{"self":[{"href":"https:\/\/blogs.correiobraziliense.com.br\/vicente\/wp-json\/wp\/v2\/posts\/15656","targetHints":{"allow":["GET"]}}],"collection":[{"href":"https:\/\/blogs.correiobraziliense.com.br\/vicente\/wp-json\/wp\/v2\/posts"}],"about":[{"href":"https:\/\/blogs.correiobraziliense.com.br\/vicente\/wp-json\/wp\/v2\/types\/post"}],"author":[{"embeddable":true,"href":"https:\/\/blogs.correiobraziliense.com.br\/vicente\/wp-json\/wp\/v2\/users\/22"}],"replies":[{"embeddable":true,"href":"https:\/\/blogs.correiobraziliense.com.br\/vicente\/wp-json\/wp\/v2\/comments?post=15656"}],"version-history":[{"count":4,"href":"https:\/\/blogs.correiobraziliense.com.br\/vicente\/wp-json\/wp\/v2\/posts\/15656\/revisions"}],"predecessor-version":[{"id":15661,"href":"https:\/\/blogs.correiobraziliense.com.br\/vicente\/wp-json\/wp\/v2\/posts\/15656\/revisions\/15661"}],"wp:featuredmedia":[{"embeddable":true,"href":"https:\/\/blogs.correiobraziliense.com.br\/vicente\/wp-json\/wp\/v2\/media\/15657"}],"wp:attachment":[{"href":"https:\/\/blogs.correiobraziliense.com.br\/vicente\/wp-json\/wp\/v2\/media?parent=15656"}],"wp:term":[{"taxonomy":"category","embeddable":true,"href":"https:\/\/blogs.correiobraziliense.com.br\/vicente\/wp-json\/wp\/v2\/categories?post=15656"},{"taxonomy":"post_tag","embeddable":true,"href":"https:\/\/blogs.correiobraziliense.com.br\/vicente\/wp-json\/wp\/v2\/tags?post=15656"}],"curies":[{"name":"wp","href":"https:\/\/api.w.org\/{rel}","templated":true}]}}