{"id":15653,"date":"2020-09-05T18:29:14","date_gmt":"2020-09-05T21:29:14","guid":{"rendered":"https:\/\/blogs.correiobraziliense.com.br\/vicente\/?p=15653"},"modified":"2020-09-05T20:06:45","modified_gmt":"2020-09-05T23:06:45","slug":"posse-de-andre-brandao-no-banco-do-brasil-deve-ocorrer-ate-o-fim-de-setembro","status":"publish","type":"post","link":"https:\/\/blogs.correiobraziliense.com.br\/vicente\/posse-de-andre-brandao-no-banco-do-brasil-deve-ocorrer-ate-o-fim-de-setembro\/","title":{"rendered":"Posse de Andr\u00e9 Brand\u00e3o no Banco do Brasil deve ocorrer at\u00e9 o fim de setembro"},"content":{"rendered":"<h2>A expectativa \u00e9 grande no Banco do Brasil quanto \u00e0 chegada de seu <a href=\"https:\/\/blogs.correiobraziliense.com.br\/vicente\/andre-brandao-sera-o-presidente-do-banco-do-brasil-so-falta-bolsonaro-comunicar\/\">futuro presidente, Andr\u00e9 Brand\u00e3o<\/a>. Se nada atrapalhar os planos da institui\u00e7\u00e3o, ele tomar\u00e1 posse na segunda quinzena de setembro.<\/h2>\n<p>&nbsp;<\/p>\n<p>Brand\u00e3o ainda continua nos Estados Unidos por causa da burocracia para se desvencilhar de seu cargo do HSBC e para cumprir todas as regras exigidas pelo governo norte-americano para a repatria\u00e7\u00e3o dele para o Brasil.<\/p>\n<p>&nbsp;<\/p>\n<p>Ele estimava aportar no Brasil no fim de agosto, uma vez que <a href=\"https:\/\/blogs.correiobraziliense.com.br\/vicente\/banco-do-brasil-da-inicio-ao-processo-para-andre-brandao-assumir-presidencia\/\">todo o processo para a sua posse<\/a> na presid\u00eancia do BB est\u00e1 andando de forma acelerada. Agora, a previs\u00e3o \u00e9 de que chegue ao pa\u00eds por volta de 15 de setembro.<\/p>\n<p>&nbsp;<\/p>\n<p><strong>Brand\u00e3o acompanha tudo de longe<\/strong><\/p>\n<p>&nbsp;<\/p>\n<p>Mesmo de longe, no entanto, Brand\u00e3o j\u00e1 vem tomando ci\u00eancia de tudo o que acontece no BB, de projetos que est\u00e3o sendo tocados e de estrat\u00e9gias que v\u00eam sendo adotadas para melhorar os resultados da institui\u00e7\u00e3o.<\/p>\n<p>&nbsp;<\/p>\n<p>Entre os empregados do BB, a ansiedade \u00e9 grande. Todos se perguntam que linha Brand\u00e3o seguir\u00e1 no comando do banco. A tend\u00eancia \u00e9 de que ele seja muito mais agressivo do que o <a href=\"https:\/\/blogs.correiobraziliense.com.br\/vicente\/rubem-novaes-cai-da-presidencia-do-banco-do-brasil\/\">presidente demission\u00e1rio, Rubem Novaes<\/a>.<\/p>\n<p>&nbsp;<\/p>\n<p>Brand\u00e3o tomar\u00e1 posse \u00e0s v\u00e9speras de mudan\u00e7as importantes para o mercado financeiro, como a implanta\u00e7\u00e3o do PIX, sistema de pagamento e de transfer\u00eancia de recursos 24 horas por dia.<\/p>\n<p>&nbsp;<\/p>\n<p>Todos os bancos est\u00e3o correndo para n\u00e3o serem surpreendidos pela concorr\u00eancia. Nas institui\u00e7\u00f5es privadas, a ordem \u00e9 usar todas as armas dispon\u00edveis para garantir uma parcela do mercado. Com o BB n\u00e3o \u00e9 diferente.<\/p>\n<p>&nbsp;<\/p>\n<p><em>Bras\u00edlia, 18h29min<\/em><\/p>\n","protected":false},"excerpt":{"rendered":"<p>A expectativa \u00e9 grande no Banco do Brasil quanto \u00e0 chegada de seu futuro presidente, Andr\u00e9 Brand\u00e3o. Se nada atrapalhar os planos da institui\u00e7\u00e3o, ele tomar\u00e1 posse na segunda quinzena de setembro. &nbsp; Brand\u00e3o ainda continua nos Estados Unidos por causa da burocracia para se desvencilhar de seu cargo do HSBC e para cumprir todas [&hellip;]<\/p>\n","protected":false},"author":22,"featured_media":11457,"comment_status":"open","ping_status":"closed","sticky":false,"template":"","format":"standard","meta":{"footnotes":""},"categories":[600],"tags":[4789,229,4895,2290,4894],"class_list":["post-15653","post","type-post","status-publish","format-standard","has-post-thumbnail","hentry","category-economia","tag-andre-brandao","tag-banco-do-brasil","tag-hsbc","tag-posse","tag-quinzena"],"_links":{"self":[{"href":"https:\/\/blogs.correiobraziliense.com.br\/vicente\/wp-json\/wp\/v2\/posts\/15653","targetHints":{"allow":["GET"]}}],"collection":[{"href":"https:\/\/blogs.correiobraziliense.com.br\/vicente\/wp-json\/wp\/v2\/posts"}],"about":[{"href":"https:\/\/blogs.correiobraziliense.com.br\/vicente\/wp-json\/wp\/v2\/types\/post"}],"author":[{"embeddable":true,"href":"https:\/\/blogs.correiobraziliense.com.br\/vicente\/wp-json\/wp\/v2\/users\/22"}],"replies":[{"embeddable":true,"href":"https:\/\/blogs.correiobraziliense.com.br\/vicente\/wp-json\/wp\/v2\/comments?post=15653"}],"version-history":[{"count":2,"href":"https:\/\/blogs.correiobraziliense.com.br\/vicente\/wp-json\/wp\/v2\/posts\/15653\/revisions"}],"predecessor-version":[{"id":15655,"href":"https:\/\/blogs.correiobraziliense.com.br\/vicente\/wp-json\/wp\/v2\/posts\/15653\/revisions\/15655"}],"wp:featuredmedia":[{"embeddable":true,"href":"https:\/\/blogs.correiobraziliense.com.br\/vicente\/wp-json\/wp\/v2\/media\/11457"}],"wp:attachment":[{"href":"https:\/\/blogs.correiobraziliense.com.br\/vicente\/wp-json\/wp\/v2\/media?parent=15653"}],"wp:term":[{"taxonomy":"category","embeddable":true,"href":"https:\/\/blogs.correiobraziliense.com.br\/vicente\/wp-json\/wp\/v2\/categories?post=15653"},{"taxonomy":"post_tag","embeddable":true,"href":"https:\/\/blogs.correiobraziliense.com.br\/vicente\/wp-json\/wp\/v2\/tags?post=15653"}],"curies":[{"name":"wp","href":"https:\/\/api.w.org\/{rel}","templated":true}]}}