{"id":1559,"date":"2016-06-22T00:24:32","date_gmt":"2016-06-22T03:24:32","guid":{"rendered":"https:\/\/blogs.correiobraziliense.com.br\/vicente\/?p=1559"},"modified":"2016-06-22T12:18:00","modified_gmt":"2016-06-22T15:18:00","slug":"por-ordem-do-planejamento-itamaraty-corta-40-de-13o-salario-e-ferias","status":"publish","type":"post","link":"https:\/\/blogs.correiobraziliense.com.br\/vicente\/por-ordem-do-planejamento-itamaraty-corta-40-de-13o-salario-e-ferias\/","title":{"rendered":"Por ordem do Planejamento, Itamaraty corta 40% de 13o sal\u00e1rio e f\u00e9rias"},"content":{"rendered":"<p>POR MARLLA SABINO<\/p>\n<p>&nbsp;<\/p>\n<p>Os funcion\u00e1rios do Itamaraty lotados no exterior tiveram 40% do 13o sal\u00e1rio e das f\u00e9rias cortados. A diferen\u00e7a na folha de pagamento aconteceu porque a Consultoria Jur\u00eddica (Conjur) do Minist\u00e9rio do Planejamento considerou que sobre esses rendimentos n\u00e3o podem incidir a Indeniza\u00e7\u00e3o de Representa\u00e7\u00e3o no Exterior (Irex) e o aux\u00edlio familiar, considerados de car\u00e1ter indenizat\u00f3rios.<\/p>\n<p>&nbsp;<\/p>\n<p>A remunera\u00e7\u00e3o dos servidores que s\u00e3o enviados ao exterior \u00e9 regulamentada pela Lei n\u00ba 5.809\/72 e deve ser composta pelas seguintes parcelas: retribui\u00e7\u00e3o b\u00e1sica (RB), gratifica\u00e7\u00e3o no exterior por tempo de servi\u00e7o e a Irex, que seria uma compensa\u00e7\u00e3o por gastos inerentes \u00e0 miss\u00e3o no pa\u00eds estrangeiro, como jantares ou di\u00e1rias. Ainda est\u00e3o previstas na legisla\u00e7\u00e3o indeniza\u00e7\u00f5es como aux\u00edlio-fam\u00edlia e aux\u00edlio-funeral.<\/p>\n<p>&nbsp;<\/p>\n<p>A decis\u00e3o de cortar benef\u00edcios em 40% teria sido motivada pelo fato de os sal\u00e1rios de 187 servidores, sendo 176 diplomatas, estarem acima do teto salarial do servi\u00e7o p\u00fablico de R$ 33.763. Em comunicado enviado aos funcion\u00e1rios ontem, na v\u00e9spera do pagamento da primeira parcela da gratifica\u00e7\u00e3o anual e do adicional de f\u00e9rias, o Minist\u00e9rio das Rela\u00e7\u00f5es Exteriores (MRE) explicou aos qu est\u00e3o lotados no exterior que o dinheiro n\u00e3o havia sido repassado pelo Planejamento.<\/p>\n<p>&nbsp;<\/p>\n<p>O MRE tamb\u00e9m informou aos servidores que tomaria as devidas provid\u00eancias sobre a decis\u00e3o. \u201cA administra\u00e7\u00e3o elaborou parecer t\u00e9cnico para se contraporao entendimento da Secret\u00e1ria Or\u00e7ament\u00e1ria Federal. Essa avalia\u00e7\u00e3o, corroborada por parecer da Conjur Consultoria Jur\u00eddica) foi encaminhada \u00e0 Advocacia-Geral da Uni\u00e3o (AGU)\u201d. Procurado, o Minist\u00e9rio do Planejamento informou que \u201ca gest\u00e3o de recursos para o pagamento a servidores \u00e9 de compet\u00eancia de cada minist\u00e9rio, que deve ser consultado sobre o tema\u201d.<\/p>\n<p>&nbsp;<\/p>\n<p>O corte nos sal\u00e1rios dos servidores lotados no exterior aconteceu em uma situa\u00e7\u00e3o delicada e surpreendeu a muitos. H\u00e1 tr\u00eas meses n\u00e3o \u00e9 repassado o aux\u00edlio-moradia e muitos esperavam o pagamento de julho para quitar d\u00edvidas.<\/p>\n<p>&nbsp;<\/p>\n<p><b>Argumento<\/b><\/p>\n<p>&nbsp;<\/p>\n<p>A quest\u00e3o do pagamento dos servidores do Minist\u00e9rio das Rela\u00e7\u00f5es Exteriores lotados fora do pa\u00eds j\u00e1 havia sido discutida pelo Tribunal de Contas da Uni\u00e3o (TCU) em 2012. Na \u00e9poca, foi considerado o argumento do Itamaraty de que a Irex (Indeniza\u00e7\u00e3o de Representa\u00e7\u00e3o no Exterior), por ser de car\u00e1ter indenizat\u00f3rio, n\u00e3o deve ser computado no limite or\u00e7ament\u00e1rio. O Sindicato Nacional dos Servidores do Minist\u00e9rio das Rela\u00e7\u00f5es Exteriores (Sinditamaraty) criticou a atua\u00e7\u00e3o do MRE, que s\u00f3 age quando provocado.<\/p>\n<p>&nbsp;<\/p>\n<p><i>Bras\u00edlia, 00h10min<\/i><\/p>\n","protected":false},"excerpt":{"rendered":"<p>POR MARLLA SABINO &nbsp; Os funcion\u00e1rios do Itamaraty lotados no exterior tiveram 40% do 13o sal\u00e1rio e das f\u00e9rias cortados. A diferen\u00e7a na folha de pagamento aconteceu porque a Consultoria Jur\u00eddica (Conjur) do Minist\u00e9rio do Planejamento considerou que sobre esses rendimentos n\u00e3o podem incidir a Indeniza\u00e7\u00e3o de Representa\u00e7\u00e3o no Exterior (Irex) e o aux\u00edlio familiar, [&hellip;]<\/p>\n","protected":false},"author":22,"featured_media":0,"comment_status":"open","ping_status":"closed","sticky":false,"template":"","format":"standard","meta":{"footnotes":""},"categories":[1],"tags":[333,332,331,329,330,150,85],"class_list":["post-1559","post","type-post","status-publish","format-standard","hentry","category-sem-categoria","tag-corte-de-40","tag-indenizacao","tag-irex","tag-itamaraty","tag-ministerio-das-relacoes-exteriores","tag-ministerio-do-planejamento","tag-salario"],"_links":{"self":[{"href":"https:\/\/blogs.correiobraziliense.com.br\/vicente\/wp-json\/wp\/v2\/posts\/1559","targetHints":{"allow":["GET"]}}],"collection":[{"href":"https:\/\/blogs.correiobraziliense.com.br\/vicente\/wp-json\/wp\/v2\/posts"}],"about":[{"href":"https:\/\/blogs.correiobraziliense.com.br\/vicente\/wp-json\/wp\/v2\/types\/post"}],"author":[{"embeddable":true,"href":"https:\/\/blogs.correiobraziliense.com.br\/vicente\/wp-json\/wp\/v2\/users\/22"}],"replies":[{"embeddable":true,"href":"https:\/\/blogs.correiobraziliense.com.br\/vicente\/wp-json\/wp\/v2\/comments?post=1559"}],"version-history":[{"count":3,"href":"https:\/\/blogs.correiobraziliense.com.br\/vicente\/wp-json\/wp\/v2\/posts\/1559\/revisions"}],"predecessor-version":[{"id":1569,"href":"https:\/\/blogs.correiobraziliense.com.br\/vicente\/wp-json\/wp\/v2\/posts\/1559\/revisions\/1569"}],"wp:attachment":[{"href":"https:\/\/blogs.correiobraziliense.com.br\/vicente\/wp-json\/wp\/v2\/media?parent=1559"}],"wp:term":[{"taxonomy":"category","embeddable":true,"href":"https:\/\/blogs.correiobraziliense.com.br\/vicente\/wp-json\/wp\/v2\/categories?post=1559"},{"taxonomy":"post_tag","embeddable":true,"href":"https:\/\/blogs.correiobraziliense.com.br\/vicente\/wp-json\/wp\/v2\/tags?post=1559"}],"curies":[{"name":"wp","href":"https:\/\/api.w.org\/{rel}","templated":true}]}}