{"id":15575,"date":"2020-09-01T15:29:37","date_gmt":"2020-09-01T18:29:37","guid":{"rendered":"https:\/\/blogs.correiobraziliense.com.br\/vicente\/?p=15575"},"modified":"2020-09-01T15:53:42","modified_gmt":"2020-09-01T18:53:42","slug":"btg-pactual-e-xp-investimentos-dominam-agendas-de-servidores-publicos","status":"publish","type":"post","link":"https:\/\/blogs.correiobraziliense.com.br\/vicente\/btg-pactual-e-xp-investimentos-dominam-agendas-de-servidores-publicos\/","title":{"rendered":"BTG Pactual e XP Investimentos dominam agendas de servidores p\u00fablicos"},"content":{"rendered":"<h2>A guerra travada nos neg\u00f3cios entre o BTG Pactual e a <a href=\"https:\/\/blogs.correiobraziliense.com.br\/vicente\/as-portas-escancaradas-para-a-xp-investimentos-em-brasilia\/\">XP Investimentos<\/a> \u2014 a XP acaba de perder cerca de 20 executivos para o concorrente \u2014 estende-se \u00e0 Esplanada nos Minist\u00e9rios. As duas institui\u00e7\u00f5es financeiras disputam o dom\u00ednio das agendas dos servidores p\u00fablicos.<\/h2>\n<p>&nbsp;<\/p>\n<p>Levantamento feito pelo <strong>Blog<\/strong> ao longo de duas semanas com servidores do mais alto escal\u00e3o a chefes de gabinete e secret\u00e1rias aponta que o BTG Pactual e a XP lideraram os pedidos de conversas com integrantes do governo.<\/p>\n<p>&nbsp;<\/p>\n<p>Ressalte-se: n\u00e3o h\u00e1 nada de ilegal nisso. Mas chama a aten\u00e7\u00e3o a const\u00e2ncia com que funcion\u00e1rios das duas institui\u00e7\u00f5es tiveram acesso a pessoas do governo que decidem e a t\u00e9cnicos que est\u00e3o trabalhando em projetos relevantes para a administra\u00e7\u00e3o p\u00fablica.<\/p>\n<p>&nbsp;<\/p>\n<p>As conversas se d\u00e3o de todas as formas: telefone, videoconfer\u00eancias, em almo\u00e7os, troca de mensagens. O levantamento inclui o <a href=\"https:\/\/blogs.correiobraziliense.com.br\/vicente\/bc-endurece-regras-para-reunioes-de-diretores-com-investidores\/\">Banco Central<\/a>, que, recentemente, limitou contatos com diretores da institui\u00e7\u00f5es financeiras, mas manteve as portas abertas para conversas informais.<\/p>\n<p>&nbsp;<\/p>\n<p><em>Bras\u00edlia, 15h29min<\/em><\/p>\n","protected":false},"excerpt":{"rendered":"<p>A guerra travada nos neg\u00f3cios entre o BTG Pactual e a XP Investimentos \u2014 a XP acaba de perder cerca de 20 executivos para o concorrente \u2014 estende-se \u00e0 Esplanada nos Minist\u00e9rios. As duas institui\u00e7\u00f5es financeiras disputam o dom\u00ednio das agendas dos servidores p\u00fablicos. &nbsp; Levantamento feito pelo Blog ao longo de duas semanas com [&hellip;]<\/p>\n","protected":false},"author":22,"featured_media":10448,"comment_status":"open","ping_status":"closed","sticky":false,"template":"","format":"standard","meta":{"footnotes":""},"categories":[600],"tags":[4883,2592,53,2593,4884,123,3433],"class_list":["post-15575","post","type-post","status-publish","format-standard","has-post-thumbnail","hentry","category-economia","tag-agendas","tag-banco","tag-btg-pactual","tag-central","tag-conversas","tag-servidores","tag-xp-investimentos"],"_links":{"self":[{"href":"https:\/\/blogs.correiobraziliense.com.br\/vicente\/wp-json\/wp\/v2\/posts\/15575","targetHints":{"allow":["GET"]}}],"collection":[{"href":"https:\/\/blogs.correiobraziliense.com.br\/vicente\/wp-json\/wp\/v2\/posts"}],"about":[{"href":"https:\/\/blogs.correiobraziliense.com.br\/vicente\/wp-json\/wp\/v2\/types\/post"}],"author":[{"embeddable":true,"href":"https:\/\/blogs.correiobraziliense.com.br\/vicente\/wp-json\/wp\/v2\/users\/22"}],"replies":[{"embeddable":true,"href":"https:\/\/blogs.correiobraziliense.com.br\/vicente\/wp-json\/wp\/v2\/comments?post=15575"}],"version-history":[{"count":1,"href":"https:\/\/blogs.correiobraziliense.com.br\/vicente\/wp-json\/wp\/v2\/posts\/15575\/revisions"}],"predecessor-version":[{"id":15576,"href":"https:\/\/blogs.correiobraziliense.com.br\/vicente\/wp-json\/wp\/v2\/posts\/15575\/revisions\/15576"}],"wp:featuredmedia":[{"embeddable":true,"href":"https:\/\/blogs.correiobraziliense.com.br\/vicente\/wp-json\/wp\/v2\/media\/10448"}],"wp:attachment":[{"href":"https:\/\/blogs.correiobraziliense.com.br\/vicente\/wp-json\/wp\/v2\/media?parent=15575"}],"wp:term":[{"taxonomy":"category","embeddable":true,"href":"https:\/\/blogs.correiobraziliense.com.br\/vicente\/wp-json\/wp\/v2\/categories?post=15575"},{"taxonomy":"post_tag","embeddable":true,"href":"https:\/\/blogs.correiobraziliense.com.br\/vicente\/wp-json\/wp\/v2\/tags?post=15575"}],"curies":[{"name":"wp","href":"https:\/\/api.w.org\/{rel}","templated":true}]}}