{"id":15548,"date":"2020-09-01T09:07:20","date_gmt":"2020-09-01T12:07:20","guid":{"rendered":"https:\/\/blogs.correiobraziliense.com.br\/vicente\/?p=15548"},"modified":"2020-09-01T17:43:55","modified_gmt":"2020-09-01T20:43:55","slug":"pib-do-segundo-trimestre-desaba-97-e-brasil-entra-em-recessao-diz-ibge","status":"publish","type":"post","link":"https:\/\/blogs.correiobraziliense.com.br\/vicente\/pib-do-segundo-trimestre-desaba-97-e-brasil-entra-em-recessao-diz-ibge\/","title":{"rendered":"PIB do segundo trimestre desaba 9,7% e Brasil entra em recess\u00e3o, diz IBGE"},"content":{"rendered":"<h6><strong>Rosana Hessel<\/strong><\/h6>\n<p><span style=\"font-weight: 400\">Ap\u00f3s encolher 2,5% de janeiro a mar\u00e7o, o Produto Interno Bruto (PIB) do Brasil desabou 9,7% no segundo trimestre de 2020, em rela\u00e7\u00e3o aos tr\u00eas meses imediatamente anteriores, conforme dados divulgados pelo Instituto Brasileiro de Geografia e Estat\u00edstica (IBGE) divulgados nesta ter\u00e7a-feira (1\u00ba\/9) e que atualizaram a queda do primeiro trimestre.<\/span><\/p>\n<p>&nbsp;<\/p>\n<p><span style=\"font-weight: 400\">Foi a segunda queda consecutiva nessa base de compara\u00e7\u00e3o, confirmando que o pa\u00eds entrou em recess\u00e3o t\u00e9cnica como reflexo da forte desacelera\u00e7\u00e3o da atividade entre os meses de mar\u00e7o e abril. Na compara\u00e7\u00e3o com o segundo trimestre de 2019, o tombo foi ainda maior, de 11,4%.\u00a0 Com esse resultado, o PIB voltou aos patamares de 2009, de acordo com dados do \u00f3rg\u00e3o.<\/span><\/p>\n<p>&nbsp;<\/p>\n<p>Ambas as taxas foram as quedas mais intensas da s\u00e9rie hist\u00f3rica atualizada, iniciada em 1996, segundo o IBGE. E, pelas estimativas da Funda\u00e7\u00e3o Getulio Vargas (FGV), a queda \u00e9 maior desde a decada de 1990. Os dados acabaram sendo piores do que as estimativas do mercado, que previam retra\u00e7\u00f5es em torno de 9%, na margem, e de 10%, na compara\u00e7\u00e3o com o mesmo per\u00edodo de 2019.<\/p>\n<p>&nbsp;<\/p>\n<p>No acumulado dos quatro trimestres terminados em junho, houve queda de 2,2% em rela\u00e7\u00e3o aos quatro trimestres imediatamente anteriores.\u00a0Em valores correntes, o PIB do no segundo trimestre de 2020 totalizou R$ 1,653 trilh\u00e3o, sendo R$ 1,478 trilh\u00e3o em Valor Adicionado (VA) a pre\u00e7os b\u00e1sicos e R$ 175,4 bilh\u00f5es tributos.<\/p>\n<p>&nbsp;<\/p>\n<p>Na compara\u00e7\u00e3o com o primeiro trimestre, pela \u00f3tica da oferta, a maior queda foi registrada pela ind\u00fastria, de 12,3%, seguida por servi\u00e7os, com recuo de 9,7%. A agropecu\u00e1ria apresentou varia\u00e7\u00e3o positiva de 0,4%, de acordo com os dados do IBGE.<\/p>\n<p>&nbsp;<\/p>\n<p>Entre as atividades produtivas, a ind\u00fastria da transforma\u00e7\u00e3o desabou 17,5% na mesma base de compara\u00e7\u00e3o. J\u00e1 a da constru\u00e7\u00e3o teve recuo de 5,7% nas atividades em eletricidade e g\u00e1s, \u00e1gua, e a ind\u00fastria extrativa registrou queda de 1,1%.<\/p>\n<p>&nbsp;<\/p>\n<p>Em servi\u00e7os, que representam mais de 70% do PIB, os principais resultados negativos foram: outras atividades de servi\u00e7os (-19,8%), transporte, armazenagem e correio (-19,3%), Com\u00e9rcio (-13,0%), administra\u00e7\u00e3o, defesa, sa\u00fade e educa\u00e7\u00e3o p\u00fablicas e seguridade social (-7,6%), informa\u00e7\u00e3o e comunica\u00e7\u00e3o (-3,0%). Na cotram\u00e3o, o resultado positivo foi registrado em atividades financeiras, de seguros e servi\u00e7os relacionados, de 0,8%, e nas atividades imobili\u00e1rias, de 0,5%.<\/p>\n<p>&nbsp;<\/p>\n<p>Pela \u00f3tica da despesa, a Forma\u00e7\u00e3o Bruta de Capital Fixo (FBCF) teve queda de 15,4%. O consumo das fam\u00edlias recuou 12,5% e o consumo do governo apresentou retra\u00e7\u00e3o de 8,8%<\/p>\n<p>&nbsp;<\/p>\n<p>As exporta\u00e7\u00f5es de bens e servi\u00e7os cresceram 1,8%, enquanto importa\u00e7\u00f5es recuaram 13,2% em rela\u00e7\u00e3o ao primeiro trimestre de 2020.<\/p>\n<p>&nbsp;<\/p>\n<p>Os investimentos tamb\u00e9m desabaram. A taxa de investimento no segundo trimestre de 2020 ficou em 15% do PIB, ficando abaixo da observada no mesmo per\u00edodo de 2019, de 15,3% do PIB. Tamb\u00e9m foi menor do que os 15,8% do PIB computados no primeiro trimestre.<\/p>\n<p>&nbsp;<\/p>\n<p>No primeiro semestre de 2020, o PIB caiu 5,9% em rela\u00e7\u00e3o a igual per\u00edodo de 2019, informou o IBGE. Nessa compara\u00e7\u00e3o, houve desempenho positivo para a agropecu\u00e1ria, com alta de 1,6%, e quedas na ind\u00fastria, de 6,5%, e nos servi\u00e7os, de 5,9%.<\/p>\n","protected":false},"excerpt":{"rendered":"<p>Rosana Hessel Ap\u00f3s encolher 2,5% de janeiro a mar\u00e7o, o Produto Interno Bruto (PIB) do Brasil desabou 9,7% no segundo trimestre de 2020, em rela\u00e7\u00e3o aos tr\u00eas meses imediatamente anteriores, conforme dados divulgados pelo Instituto Brasileiro de Geografia e Estat\u00edstica (IBGE) divulgados nesta ter\u00e7a-feira (1\u00ba\/9) e que atualizaram a queda do primeiro trimestre. &nbsp; Foi [&hellip;]<\/p>\n","protected":false},"author":22,"featured_media":15554,"comment_status":"open","ping_status":"closed","sticky":false,"template":"","format":"standard","meta":{"footnotes":""},"categories":[600],"tags":[589,391,58,31],"class_list":["post-15548","post","type-post","status-publish","format-standard","has-post-thumbnail","hentry","category-economia","tag-economia","tag-ibge","tag-pib","tag-recessao"],"_links":{"self":[{"href":"https:\/\/blogs.correiobraziliense.com.br\/vicente\/wp-json\/wp\/v2\/posts\/15548","targetHints":{"allow":["GET"]}}],"collection":[{"href":"https:\/\/blogs.correiobraziliense.com.br\/vicente\/wp-json\/wp\/v2\/posts"}],"about":[{"href":"https:\/\/blogs.correiobraziliense.com.br\/vicente\/wp-json\/wp\/v2\/types\/post"}],"author":[{"embeddable":true,"href":"https:\/\/blogs.correiobraziliense.com.br\/vicente\/wp-json\/wp\/v2\/users\/22"}],"replies":[{"embeddable":true,"href":"https:\/\/blogs.correiobraziliense.com.br\/vicente\/wp-json\/wp\/v2\/comments?post=15548"}],"version-history":[{"count":14,"href":"https:\/\/blogs.correiobraziliense.com.br\/vicente\/wp-json\/wp\/v2\/posts\/15548\/revisions"}],"predecessor-version":[{"id":15578,"href":"https:\/\/blogs.correiobraziliense.com.br\/vicente\/wp-json\/wp\/v2\/posts\/15548\/revisions\/15578"}],"wp:featuredmedia":[{"embeddable":true,"href":"https:\/\/blogs.correiobraziliense.com.br\/vicente\/wp-json\/wp\/v2\/media\/15554"}],"wp:attachment":[{"href":"https:\/\/blogs.correiobraziliense.com.br\/vicente\/wp-json\/wp\/v2\/media?parent=15548"}],"wp:term":[{"taxonomy":"category","embeddable":true,"href":"https:\/\/blogs.correiobraziliense.com.br\/vicente\/wp-json\/wp\/v2\/categories?post=15548"},{"taxonomy":"post_tag","embeddable":true,"href":"https:\/\/blogs.correiobraziliense.com.br\/vicente\/wp-json\/wp\/v2\/tags?post=15548"}],"curies":[{"name":"wp","href":"https:\/\/api.w.org\/{rel}","templated":true}]}}