{"id":15516,"date":"2020-08-30T17:01:02","date_gmt":"2020-08-30T20:01:02","guid":{"rendered":"https:\/\/blogs.correiobraziliense.com.br\/vicente\/?p=15516"},"modified":"2020-08-30T18:48:55","modified_gmt":"2020-08-30T21:48:55","slug":"guedes-deu-ole-em-onyx-e-agora-enfraquecido-pede-ajuda-para-entregar-o-renda-brasil","status":"publish","type":"post","link":"https:\/\/blogs.correiobraziliense.com.br\/vicente\/guedes-deu-ole-em-onyx-e-agora-enfraquecido-pede-ajuda-para-entregar-o-renda-brasil\/","title":{"rendered":"Guedes deu ol\u00e9 em Onyx e, agora enfraquecido, pede ajuda para entregar o Renda Brasil"},"content":{"rendered":"<h2>Integrantes do governo admitem que o ministro da Economia, Paulo Guedes, avan\u00e7ou todos os sinais ao querer abra\u00e7ar o Renda Brasil, que, teoricamente, teria de ser desenvolvido pelo Minist\u00e9rio da Cidadania, sob a batuta de Onyx Lorenzoni. Diante do fracasso na entrega de um programa com a cara do presidente Jair Bolsonaro, Guedes ficou mais fraco.<\/h2>\n<p>&nbsp;<\/p>\n<p>Ainda inebriado pela pecha de superministro, Guedes acreditou que podia, ao mesmo tempo, exercer o papel de gastador, ao definir o valor das despesas do Renda Brasil, e cumprir o papel que lhe cabe como chefe da equipe econ\u00f4mica, o de dizer n\u00e3o. Totalmente perdido, teve que engolir em seco o pito que levou em p\u00fablico de Bolsonaro. Onyx, que levou um ol\u00e9, assistiu de camarote.<\/p>\n<p>&nbsp;<\/p>\n<p>N\u00e3o \u00e9 s\u00f3. Dentro do Minist\u00e9rio da Economia, a vis\u00e3o \u00e9 de que, ao centralizar a modelagem do programa que substituir\u00e1 o Bolsa Fam\u00edlia, Guedes esqueceu de envolver duas pe\u00e7as chaves na empreitada: o Tesouro Nacional, dono do cofre, e a Secretaria de Or\u00e7amento Federal (SOF), que concentra todas as despesas e receitas.<\/p>\n<p>&nbsp;<\/p>\n<p><strong>Ministro apostou em Bruno Bianco<\/strong><\/p>\n<p>&nbsp;<\/p>\n<p>Guedes destinou a elabora\u00e7\u00e3o do Renda Brasil ao secret\u00e1rio especial de Previd\u00eancia e Trabalho, Bruno Bianco, que se tornou o queridinho do chefe depois de liderar os programas de socorro \u00e0s empresas, como o que suspendeu contratos de trabalho e possibilitou o corte de sal\u00e1rios e de jornada. O ministro o elogiou publicamente por esse trabalho.<\/p>\n<p>&nbsp;<\/p>\n<p>Contudo, nem Guedes e nem Bianco conseguiram chegar a um modelo fact\u00edvel para o Renda Brasil, cujo benef\u00edcio deve ficar entre R$ 250 e R$ 300. O esbo\u00e7o do programa apresentado ao presidente da Rep\u00fablica foi classificado, nos bastidores, como &#8220;horroroso e invi\u00e1vel&#8221;, por &#8220;tirar dos pobres para dar aos paup\u00e9rrimos&#8221;, como frisou Bolsonaro.<\/p>\n<p>&nbsp;<\/p>\n<p>A perspectiva \u00e9 de que a nova modelagem do Renda Brasil seja apresentada aos l\u00edderes partid\u00e1rios, na ter\u00e7a-feira (1\u00ba de setembro), em reuni\u00e3o com o presidente Bolsonaro. Guedes, agora enfraquecido, espera que o colega Onyx lhe d\u00ea uma for\u00e7a para convencer o chefe de que o substituto do Bolsa Fam\u00edlia est\u00e1 no caminho certo. O ministro da Cidadania est\u00e1 rindo \u00e0 toa.<\/p>\n<p>&nbsp;<\/p>\n<p><em>Bras\u00edlia, 17h01min<\/em><\/p>\n","protected":false},"excerpt":{"rendered":"<p>Integrantes do governo admitem que o ministro da Economia, Paulo Guedes, avan\u00e7ou todos os sinais ao querer abra\u00e7ar o Renda Brasil, que, teoricamente, teria de ser desenvolvido pelo Minist\u00e9rio da Cidadania, sob a batuta de Onyx Lorenzoni. Diante do fracasso na entrega de um programa com a cara do presidente Jair Bolsonaro, Guedes ficou mais [&hellip;]<\/p>\n","protected":false},"author":22,"featured_media":15517,"comment_status":"open","ping_status":"closed","sticky":false,"template":"","format":"standard","meta":{"footnotes":""},"categories":[600],"tags":[2554,4881,3616,3798,914,4694,4880,1637],"class_list":["post-15516","post","type-post","status-publish","format-standard","has-post-thumbnail","hentry","category-economia","tag-bolsonaro","tag-bruno-bianco","tag-guedes","tag-lorenzoni","tag-ministro","tag-renda-brasil","tag-sof","tag-tesouro"],"_links":{"self":[{"href":"https:\/\/blogs.correiobraziliense.com.br\/vicente\/wp-json\/wp\/v2\/posts\/15516","targetHints":{"allow":["GET"]}}],"collection":[{"href":"https:\/\/blogs.correiobraziliense.com.br\/vicente\/wp-json\/wp\/v2\/posts"}],"about":[{"href":"https:\/\/blogs.correiobraziliense.com.br\/vicente\/wp-json\/wp\/v2\/types\/post"}],"author":[{"embeddable":true,"href":"https:\/\/blogs.correiobraziliense.com.br\/vicente\/wp-json\/wp\/v2\/users\/22"}],"replies":[{"embeddable":true,"href":"https:\/\/blogs.correiobraziliense.com.br\/vicente\/wp-json\/wp\/v2\/comments?post=15516"}],"version-history":[{"count":1,"href":"https:\/\/blogs.correiobraziliense.com.br\/vicente\/wp-json\/wp\/v2\/posts\/15516\/revisions"}],"predecessor-version":[{"id":15518,"href":"https:\/\/blogs.correiobraziliense.com.br\/vicente\/wp-json\/wp\/v2\/posts\/15516\/revisions\/15518"}],"wp:featuredmedia":[{"embeddable":true,"href":"https:\/\/blogs.correiobraziliense.com.br\/vicente\/wp-json\/wp\/v2\/media\/15517"}],"wp:attachment":[{"href":"https:\/\/blogs.correiobraziliense.com.br\/vicente\/wp-json\/wp\/v2\/media?parent=15516"}],"wp:term":[{"taxonomy":"category","embeddable":true,"href":"https:\/\/blogs.correiobraziliense.com.br\/vicente\/wp-json\/wp\/v2\/categories?post=15516"},{"taxonomy":"post_tag","embeddable":true,"href":"https:\/\/blogs.correiobraziliense.com.br\/vicente\/wp-json\/wp\/v2\/tags?post=15516"}],"curies":[{"name":"wp","href":"https:\/\/api.w.org\/{rel}","templated":true}]}}