{"id":15506,"date":"2020-08-29T12:54:45","date_gmt":"2020-08-29T15:54:45","guid":{"rendered":"https:\/\/blogs.correiobraziliense.com.br\/vicente\/?p=15506"},"modified":"2020-08-29T18:42:18","modified_gmt":"2020-08-29T21:42:18","slug":"ate-14-milhao-de-frascos-de-insulina-de-efeito-rapido-podem-ir-para-o-lixo","status":"publish","type":"post","link":"https:\/\/blogs.correiobraziliense.com.br\/vicente\/ate-14-milhao-de-frascos-de-insulina-de-efeito-rapido-podem-ir-para-o-lixo\/","title":{"rendered":"At\u00e9 1,4 milh\u00e3o de frascos de insulina de efeito r\u00e1pido podem ir para o lixo"},"content":{"rendered":"<h2>O Brasil, realmente, \u00e9 o pa\u00eds do desperd\u00edcio. Por equ\u00edvocos na pol\u00edtica p\u00fablica, o Sistema \u00danico de Sa\u00fade (SUS) poder\u00e1 jogar no lixo at\u00e9 1,4 milh\u00e3o de frascos (ou tubetes) de insulina an\u00e1loga de a\u00e7\u00e3o r\u00e1pida, apesar de quase 400 mil pessoas com diabetes tipo 1 estarem esperando pelo medicamento.<\/h2>\n<p>&nbsp;<\/p>\n<p>Os lotes da insulina de a\u00e7\u00e3o r\u00e1pida, que age em apenas 15 minutos depois de aplicada nos pacientes, vencer\u00e3o entre dezembro de 2020 e junho de 2021. O medicamento est\u00e1 parado nos dep\u00f3sitos porque os burocratas erraram na hora de classific\u00e1-lo. Em vez de entrar no rol de aten\u00e7\u00e3o b\u00e1sica, a insulina especial foi registrada como produto com componente especial.<\/p>\n<p>&nbsp;<\/p>\n<p>Isso significa que, para terem acesso \u00e0 insulina de a\u00e7\u00e3o r\u00e1pida, os pacientes precisam passar pelas m\u00e3os de um endocrinologista, que deve fazer um relat\u00f3rio sobre a necessidade de uso. O problema \u00e9 que n\u00e3o h\u00e1 endocrinologistas suficientes no SUS. S\u00e3o apenas 6 mil em todo o pa\u00eds, cujas consultas levam tempo para serem marcadas. E h\u00e1 muitos munic\u00edpios que sequer t\u00eam endocrinologistas.<\/p>\n<p>&nbsp;<\/p>\n<p><strong>Nem 10% dos pacientes atendidos<\/strong><\/p>\n<p>&nbsp;<\/p>\n<p>A insulina especial \u2014 aprovada para incorpora\u00e7\u00e3o ao SUS em 2016, mas com processo efetivado somente em 2017 \u2014 foi comprada para atender 396 mil pacientes com diabetes tipo 1. At\u00e9 agora, contundo, apenas 30 mil foram contemplados (menos de 10% do total). O maior problema para esse quadro dram\u00e1tico est\u00e1 na burocracia.<\/p>\n<p>&nbsp;<\/p>\n<p>Somente para preencher o formul\u00e1rio, o m\u00e9dico leva 45 minutos, sendo que as consultas no SUS n\u00e3o passam de 15 minutos. Segundo Vanessa Pirolo, que representa 35 associa\u00e7\u00f5es de pacientes com diabetes junto ao governo, o formul\u00e1rio para acesso \u00e0 insulina de a\u00e7\u00e3o r\u00e1pida \u00e9 muito complexo. Com isso, v\u00e1rios erros s\u00e3o cometidos no preenchimento, o que provoca um vai e volta do documento, para desespero de quem precisa do medicamento.<\/p>\n<p>&nbsp;<\/p>\n<p>O SUS oferece dois tipos de insulina, a comum ou regular, que leva pelo menos uma hora e meia para fazer efeito, e a de a\u00e7\u00e3o r\u00e1pida, que age em 15 minutos, ou seja, pode ser aplicada pouco antes das refei\u00e7\u00f5es, sem riscos para os usu\u00e1rios, mas, nesse caso, h\u00e1 toda uma burocracia. &#8220;A insulina comum faz parte do rol de aten\u00e7\u00e3o b\u00e1sica, a r\u00e1pida, n\u00e3o, o que \u00e9 um problema&#8221;, destaca Vanessa.<\/p>\n<p>&nbsp;<\/p>\n<p><strong>Descaso do Minist\u00e9rio da Sa\u00fade<\/strong><\/p>\n<p>&nbsp;<\/p>\n<p>Se nada for feito rapidamente para mudar a classifica\u00e7\u00e3o da insulina r\u00e1pida, todos os produtos comprados pelo governo v\u00e3o se perder. &#8220;Milh\u00f5es foram gastos nessas compras e milhares de pessoas est\u00e3o \u00e0 espera do medicamento. N\u00e3o \u00e9 justo. Tudo pode ser resolvido por uma mudan\u00e7a no protocolo&#8221;, ressalta Vanessa, da ADJ Diabetes Brasil.<\/p>\n<p>&nbsp;<\/p>\n<p>Ela reclama que, h\u00e1 meses, as associa\u00e7\u00f5es de pacientes v\u00eam tentando um contato com o Minist\u00e9rio da Sa\u00fade para a marca\u00e7\u00e3o de uma audi\u00eancia a fim de discutir o problema. Depois de muita insist\u00eancia, finalmente o minist\u00e9rio marcou uma audi\u00eancia on-line para esta ter\u00e7a-feira (1\u00ba de setembro). Resta saber de cumprir\u00e1 o que prometeu.<\/p>\n<p>&nbsp;<\/p>\n<p><em>Bras\u00edlia, 12h54min<\/em><\/p>\n","protected":false},"excerpt":{"rendered":"<p>O Brasil, realmente, \u00e9 o pa\u00eds do desperd\u00edcio. Por equ\u00edvocos na pol\u00edtica p\u00fablica, o Sistema \u00danico de Sa\u00fade (SUS) poder\u00e1 jogar no lixo at\u00e9 1,4 milh\u00e3o de frascos (ou tubetes) de insulina an\u00e1loga de a\u00e7\u00e3o r\u00e1pida, apesar de quase 400 mil pessoas com diabetes tipo 1 estarem esperando pelo medicamento. &nbsp; Os lotes da insulina [&hellip;]<\/p>\n","protected":false},"author":22,"featured_media":12912,"comment_status":"open","ping_status":"closed","sticky":false,"template":"","format":"standard","meta":{"footnotes":""},"categories":[600],"tags":[4628,3625,3626,4295,1915,4879],"class_list":["post-15506","post","type-post","status-publish","format-standard","has-post-thumbnail","hentry","category-economia","tag-burocracia","tag-diabetes","tag-insulina","tag-lixo","tag-ministerio-da-saude","tag-vanessa-pirolo"],"_links":{"self":[{"href":"https:\/\/blogs.correiobraziliense.com.br\/vicente\/wp-json\/wp\/v2\/posts\/15506","targetHints":{"allow":["GET"]}}],"collection":[{"href":"https:\/\/blogs.correiobraziliense.com.br\/vicente\/wp-json\/wp\/v2\/posts"}],"about":[{"href":"https:\/\/blogs.correiobraziliense.com.br\/vicente\/wp-json\/wp\/v2\/types\/post"}],"author":[{"embeddable":true,"href":"https:\/\/blogs.correiobraziliense.com.br\/vicente\/wp-json\/wp\/v2\/users\/22"}],"replies":[{"embeddable":true,"href":"https:\/\/blogs.correiobraziliense.com.br\/vicente\/wp-json\/wp\/v2\/comments?post=15506"}],"version-history":[{"count":9,"href":"https:\/\/blogs.correiobraziliense.com.br\/vicente\/wp-json\/wp\/v2\/posts\/15506\/revisions"}],"predecessor-version":[{"id":15515,"href":"https:\/\/blogs.correiobraziliense.com.br\/vicente\/wp-json\/wp\/v2\/posts\/15506\/revisions\/15515"}],"wp:featuredmedia":[{"embeddable":true,"href":"https:\/\/blogs.correiobraziliense.com.br\/vicente\/wp-json\/wp\/v2\/media\/12912"}],"wp:attachment":[{"href":"https:\/\/blogs.correiobraziliense.com.br\/vicente\/wp-json\/wp\/v2\/media?parent=15506"}],"wp:term":[{"taxonomy":"category","embeddable":true,"href":"https:\/\/blogs.correiobraziliense.com.br\/vicente\/wp-json\/wp\/v2\/categories?post=15506"},{"taxonomy":"post_tag","embeddable":true,"href":"https:\/\/blogs.correiobraziliense.com.br\/vicente\/wp-json\/wp\/v2\/tags?post=15506"}],"curies":[{"name":"wp","href":"https:\/\/api.w.org\/{rel}","templated":true}]}}