{"id":15500,"date":"2020-08-28T15:15:01","date_gmt":"2020-08-28T18:15:01","guid":{"rendered":"https:\/\/blogs.correiobraziliense.com.br\/vicente\/?p=15500"},"modified":"2020-08-28T16:58:23","modified_gmt":"2020-08-28T19:58:23","slug":"mourao-acalma-militares-e-guedes-ganha-sobrevida","status":"publish","type":"post","link":"https:\/\/blogs.correiobraziliense.com.br\/vicente\/mourao-acalma-militares-e-guedes-ganha-sobrevida\/","title":{"rendered":"Mour\u00e3o acalma militares e Guedes ganha sobrevida"},"content":{"rendered":"<h2>O vice-presidente Hamilton Mour\u00e3o tornou-se o maior fiador do <a href=\"https:\/\/blogs.correiobraziliense.com.br\/vicente\/esplanada-faz-as-apostas-ate-quando-guedes-ficara-no-governo\/\">ministro da Economia, Paulo Guedes<\/a>. Nos \u00faltimos dias, ele fez um grande trabalho de convencimento junto aos militares que t\u00eam assento no Pal\u00e1cio do Planalto e tirou o compromisso deles de que v\u00e3o parar, por enquanto, de fustigar o chefe da equipe econ\u00f4mica. Guedes ganhou sobrevida.<\/h2>\n<p>&nbsp;<\/p>\n<p>Mour\u00e3o n\u00e3o tem qualquer ascend\u00eancia sobre o presidente Jair Bolsonaro, que, inclusive, praticamente o descartou para compor a chapa da reelei\u00e7\u00e3o em 2022. Mas o vice \u00e9 bastante ouvido e respeitado entre os generais que est\u00e3o no Planalto. Depois de ouvi-lo, mesmo os mais cr\u00edticos a Guedes, baixaram a guarda.<\/p>\n<p>&nbsp;<\/p>\n<p>No processo de reduzir a press\u00e3o sobre o ministro da Economia, Mour\u00e3o reconheceu que \u00e9 natural que todos, <a href=\"https:\/\/blogs.correiobraziliense.com.br\/vicente\/o-trio-que-tirou-guedes-do-serio-marinho-tarcisio-e-braga-netto\/\">inclusive os militares<\/a>, estejam preocupados em reativar a economia mais rapidamente, sobretudo por meio de obras p\u00fablicas. Os militares encabe\u00e7am o <a href=\"https:\/\/blogs.correiobraziliense.com.br\/vicente\/depois-de-todo-estresse-no-governo-pro-brasil-saira-do-papel\/\">Pr\u00f3-Brasil<\/a>, programa que prioriza investimentos em infraestrutura.<\/p>\n<p>&nbsp;<\/p>\n<p>O vice-presidente, no entanto, ressaltou que o momento n\u00e3o \u00e9 de esvaziar Guedes. Mesmo enfraquecido, ele ainda \u00e9 um pilar importante para o governo, j\u00e1 que sua presen\u00e7a no Minist\u00e9rio da Economia \u00e9 visto pelos investidores como um pilar para o ajuste fiscal.<\/p>\n<p>&nbsp;<\/p>\n<p><strong>Vice diz que momento \u00e9 de uni\u00e3o<\/strong><\/p>\n<p>&nbsp;<\/p>\n<p>Mour\u00e3o detalhou que o momento exige uni\u00e3o, e os militares n\u00e3o podem ser fonte de tens\u00e3o. J\u00e1 bastam os problemas criados pelo presidente e, principalmente, pelos filhos dele, que est\u00e3o sendo investigados pela Justi\u00e7a e enfraquecem o discurso do governo de combate \u00e0 corrup\u00e7\u00e3o.<\/p>\n<p>&nbsp;<\/p>\n<p>O vice tamb\u00e9m tem conversado muito com o ministro da Economia, pelo qual tem grande apre\u00e7o, apesar de reconhecer que, em alguns momentos, <a href=\"https:\/\/blogs.correiobraziliense.com.br\/vicente\/paciencia-de-bolsonaro-com-paulo-guedes-chegou-ao-limite-saida-do-ministro-sera-acelerada\/\">Guedes \u00e9 intransigente e avan\u00e7a o sinal<\/a>, como fez na coletiva em que exp\u00f4s as entranhas da briga de ministros por mais gastos e na qual ligou o presidente a um poss\u00edvel impeachment.<\/p>\n<p>&nbsp;<\/p>\n<p>A pergunta que se faz no Planalto \u00e9: at\u00e9 onde vai a boa vontade dos militares com Guedes? Mais: os fardados n\u00e3o s\u00e3o os \u00fanicos a aconselharem Bolsonaro a abrir os cofres para mais obras. Essa tarefa \u00e9 executada, diariamente, pelos ministros Rog\u00e9rio Marinho (Desenvolvimento Regional) e Tarc\u00edsio Freitas (Infraestrutura). E eles ca\u00edram nas gra\u00e7as do presidente.<\/p>\n<p>&nbsp;<\/p>\n<p><em>Bras\u00edlia, 15h15min<\/em><\/p>\n","protected":false},"excerpt":{"rendered":"<p>O vice-presidente Hamilton Mour\u00e3o tornou-se o maior fiador do ministro da Economia, Paulo Guedes. Nos \u00faltimos dias, ele fez um grande trabalho de convencimento junto aos militares que t\u00eam assento no Pal\u00e1cio do Planalto e tirou o compromisso deles de que v\u00e3o parar, por enquanto, de fustigar o chefe da equipe econ\u00f4mica. Guedes ganhou sobrevida. [&hellip;]<\/p>\n","protected":false},"author":22,"featured_media":15505,"comment_status":"open","ping_status":"closed","sticky":false,"template":"","format":"standard","meta":{"footnotes":""},"categories":[600],"tags":[2554,802,3616,769,3655,4191,346,4878],"class_list":["post-15500","post","type-post","status-publish","format-standard","has-post-thumbnail","hentry","category-economia","tag-bolsonaro","tag-gastos","tag-guedes","tag-militares","tag-mourao","tag-obras","tag-pressao","tag-vice-presidente"],"_links":{"self":[{"href":"https:\/\/blogs.correiobraziliense.com.br\/vicente\/wp-json\/wp\/v2\/posts\/15500","targetHints":{"allow":["GET"]}}],"collection":[{"href":"https:\/\/blogs.correiobraziliense.com.br\/vicente\/wp-json\/wp\/v2\/posts"}],"about":[{"href":"https:\/\/blogs.correiobraziliense.com.br\/vicente\/wp-json\/wp\/v2\/types\/post"}],"author":[{"embeddable":true,"href":"https:\/\/blogs.correiobraziliense.com.br\/vicente\/wp-json\/wp\/v2\/users\/22"}],"replies":[{"embeddable":true,"href":"https:\/\/blogs.correiobraziliense.com.br\/vicente\/wp-json\/wp\/v2\/comments?post=15500"}],"version-history":[{"count":1,"href":"https:\/\/blogs.correiobraziliense.com.br\/vicente\/wp-json\/wp\/v2\/posts\/15500\/revisions"}],"predecessor-version":[{"id":15502,"href":"https:\/\/blogs.correiobraziliense.com.br\/vicente\/wp-json\/wp\/v2\/posts\/15500\/revisions\/15502"}],"wp:featuredmedia":[{"embeddable":true,"href":"https:\/\/blogs.correiobraziliense.com.br\/vicente\/wp-json\/wp\/v2\/media\/15505"}],"wp:attachment":[{"href":"https:\/\/blogs.correiobraziliense.com.br\/vicente\/wp-json\/wp\/v2\/media?parent=15500"}],"wp:term":[{"taxonomy":"category","embeddable":true,"href":"https:\/\/blogs.correiobraziliense.com.br\/vicente\/wp-json\/wp\/v2\/categories?post=15500"},{"taxonomy":"post_tag","embeddable":true,"href":"https:\/\/blogs.correiobraziliense.com.br\/vicente\/wp-json\/wp\/v2\/tags?post=15500"}],"curies":[{"name":"wp","href":"https:\/\/api.w.org\/{rel}","templated":true}]}}